{"id":1112917,"date":"2026-06-22T08:55:17","date_gmt":"2026-06-22T08:55:17","guid":{"rendered":"https:\/\/www.europesays.com\/de\/1112917\/"},"modified":"2026-06-22T08:55:17","modified_gmt":"2026-06-22T08:55:17","slug":"anke-rehlinger-spd-ministerpraesidentin-muss-flug-nach-berlin-abbrechen","status":"publish","type":"post","link":"https:\/\/www.europesays.com\/de\/1112917\/","title":{"rendered":"Anke Rehlinger: SPD-Ministerpr\u00e4sidentin muss Flug nach Berlin abbrechen"},"content":{"rendered":"<p>Technische Probleme <\/p>\n<p>Flugzeug mit Ministerpr\u00e4sidentin an Bord muss umkehren<\/p>\n<p>Aktualisiert am 22.06.2026 &#8211; 10:16 UhrLesedauer: 1 Min.<\/p>\n<p><a href=\"#focus-0\" class=\"transition-colors block text-current relative\" data-sctrack=\"FocusGalleryImage.Reference\"><img fetchpriority=\"high\" data-testid=\"Opener.Image\"   loading=\"eager\" src=\"https:\/\/www.europesays.com\/de\/wp-content\/uploads\/2026\/06\/saarlands-ministerpraesidentin-anke-rehlinger-sieht-den-umbau-der-saarlaendischen-industrie-in-gefah.jpeg\" alt=\"Saarlands Ministerpr\u00e4sidentin Anke Rehlinger\" title=\"Saarlands Ministerpr\u00e4sidentin Anke Rehlinger\" width=\"2048\" height=\"1152\" class=\"bg-[url:var(--lqipURL)] bg-cover bg-center flex h-full w-full max-w-full\" style=\"--lqipURL:url('https:\/\/images.t-online.de\/2026\/06\/LFndwhVU1vI8\/0x107:2048x1152\/fit-in\/150x0\/filters:blur(25)\/saarlands-ministerpraesidentin-anke-rehlinger-sieht-den-umbau-der-saarlaendischen-industrie-in-gefahr.jpg')\" decoding=\"async\"\/><img loading=\"lazy\" src=\"https:\/\/www.t-online.de\/s\/paper\/_next\/static\/media\/zoom-in.f7dae02f.svg\" alt=\"Vergr\u00f6\u00dfern des Bildes\" title=\"Vergr\u00f6\u00dfern des Bildes\" class=\"block h-[calc(var(--height)_\/_16_*_1rem)] w-[calc(var(--width)_\/_16_*_1rem)] max-w-none absolute right-8 bottom-8 rounded-4 bg-snow p-8\" style=\"--width:32;--height:32\" decoding=\"async\"\/><\/a><\/p>\n<p>Saarlands Ministerpr\u00e4sidentin Anke Rehlinger: Das Flugzeug der SPD-Politikerin musste kurz nach dem Start umkehren. (Quelle: Oliver Dietze\/dpa\/dpa-bilder)<\/p>\n<p class=\"font-bold text-18 leading-17 user-text-lg:text-22 user-text-xl:text-24\">Die saarl\u00e4ndische Ministerpr\u00e4sidentin Anke Rehlinger (SPD) wollte am Montag mit dem Flugzeug nach Berlin reisen. Dort kam sie allerdings nicht an.<\/p>\n<p class=\"text-18 leading-17 user-text-lg:text-22 user-text-xl:text-24\">Am Montagmorgen musste ein Flugzeug umkehren, in dem sich Anke Rehlinger (SPD), die Ministerpr\u00e4sidentin des Saarlandes, aufhielt. Wie die &#8222;Bild&#8220;-Zeitung berichtet, habe es technische Probleme an Bord gegeben, weshalb die Maschine kurz nach dem Start in Saarbr\u00fccken nicht wie geplant weiterfliegen konnte.<\/p>\n<p class=\"text-18 leading-17 user-text-lg:text-22 user-text-xl:text-24\">Im Gespr\u00e4ch mit der &#8222;Bild&#8220; best\u00e4tigte ein Sprecher den Vorfall. Die Ministerpr\u00e4sidentin werde ihre Termine heute digital wahrnehmen, hei\u00dft es. &#8222;Die Berliner Termine heute, bei denen Pr\u00e4senz notwendig gewesen w\u00e4ren, mussten abgesagt werden, Umplanungen kommen ohnehin h\u00e4ufig vor.&#8220;<\/p>\n","protected":false},"excerpt":{"rendered":"Technische Probleme Flugzeug mit Ministerpr\u00e4sidentin an Bord muss umkehren Aktualisiert am 22.06.2026 &#8211; 10:16 UhrLesedauer: 1 Min. Saarlands&hellip;\n","protected":false},"author":2,"featured_media":1112918,"comment_status":"","ping_status":"","sticky":false,"template":"","format":"standard","meta":{"footnotes":"","_share_on_mastodon":"0"},"categories":[1825],"tags":[326,1941,1939,106999,296,1937,9492,29,10074,30,1940,1938,406,184],"class_list":["post-1112917","post","type-post","status-publish","format-standard","has-post-thumbnail","category-berlin","tag-326","tag-aktuelle-nachrichten-aus-berlin","tag-aktuelle-news-aus-berlin","tag-anke-rehlinger","tag-berlin","tag-berlin-news","tag-bild-zeitung","tag-deutschland","tag-flugzeug","tag-germany","tag-nachrichten-aus-berlin","tag-news-aus-berlin","tag-saarland","tag-spd"],"share_on_mastodon":{"url":"","error":""},"_links":{"self":[{"href":"https:\/\/www.europesays.com\/de\/wp-json\/wp\/v2\/posts\/1112917","targetHints":{"allow":["GET"]}}],"collection":[{"href":"https:\/\/www.europesays.com\/de\/wp-json\/wp\/v2\/posts"}],"about":[{"href":"https:\/\/www.europesays.com\/de\/wp-json\/wp\/v2\/types\/post"}],"author":[{"embeddable":true,"href":"https:\/\/www.europesays.com\/de\/wp-json\/wp\/v2\/users\/2"}],"replies":[{"embeddable":true,"href":"https:\/\/www.europesays.com\/de\/wp-json\/wp\/v2\/comments?post=1112917"}],"version-history":[{"count":0,"href":"https:\/\/www.europesays.com\/de\/wp-json\/wp\/v2\/posts\/1112917\/revisions"}],"wp:featuredmedia":[{"embeddable":true,"href":"https:\/\/www.europesays.com\/de\/wp-json\/wp\/v2\/media\/1112918"}],"wp:attachment":[{"href":"https:\/\/www.europesays.com\/de\/wp-json\/wp\/v2\/media?parent=1112917"}],"wp:term":[{"taxonomy":"category","embeddable":true,"href":"https:\/\/www.europesays.com\/de\/wp-json\/wp\/v2\/categories?post=1112917"},{"taxonomy":"post_tag","embeddable":true,"href":"https:\/\/www.europesays.com\/de\/wp-json\/wp\/v2\/tags?post=1112917"}],"curies":[{"name":"wp","href":"https:\/\/api.w.org\/{rel}","templated":true}]}}