{"id":1112985,"date":"2026-06-22T09:38:16","date_gmt":"2026-06-22T09:38:16","guid":{"rendered":"https:\/\/www.europesays.com\/de\/1112985\/"},"modified":"2026-06-22T09:38:16","modified_gmt":"2026-06-22T09:38:16","slug":"iran-und-usa-verhandeln-weiter-trotz-neuer-trump-drohungen","status":"publish","type":"post","link":"https:\/\/www.europesays.com\/de\/1112985\/","title":{"rendered":"Iran und USA verhandeln weiter \u2013 trotz neuer Trump-Drohungen"},"content":{"rendered":"<p>Die <a href=\"https:\/\/www.bayerische-staatszeitung.de\/staatszeitung\/politik\/detailansicht-politik\/artikel\/g7-gipfel-beraet-in-evian-ueber-ukraine-und-iran-vereinbarung.html#topPosition\" target=\"_blank\" rel=\"nofollow noopener\">Verhandlungen zwischen den USA und dem Iran<\/a> \u00fcber ein umfassendes Abkommen zur Beilegung des Kriegs gehen weiter. Nach dem ersten direkten Gespr\u00e4ch der Delegationen in der Schweiz sollen die Beratungen die gesamte Woche \u00fcber auf Arbeitsebene fortgesetzt werden.<\/p>\n<p>Ziel bleibt ein finales Abkommen innerhalb von 60 Tagen. Das teilten die Vermittler Katar und Pakistan nach den Gespr\u00e4chen im B\u00fcrgenstock bei Luzern mit. Geplant sind unter anderem Arbeitsgruppen zu Irans Atomprogramm und zu westlichen Sanktionen.<\/p>\n<p>Gespr\u00e4chskanal f\u00fcr die Stra\u00dfe von Hormus<\/p>\n<p>Nach Angaben der Vermittler wurde ein direkter Gespr\u00e4chskanal eingerichtet, um Zwischenf\u00e4lle in der Stra\u00dfe von Hormus zu vermeiden. Ziel sei eine sichere Passage f\u00fcr Handelsschiffe durch die f\u00fcr \u00d6l, Fl\u00fcssiggas und D\u00fcnger wichtige Meerenge.<\/p>\n<p>Zudem soll ein neues Forum die Waffenruhe im Libanon \u00fcberwachen. Dort hatten gegenseitige Angriffe zwischen Israels Armee und der proiranischen Hisbollah das zuvor vereinbarte Rahmenabkommen zuletzt belastet.<\/p>\n<p>Iran meldet Fortschritte \u2013 US-Seite schweigt<\/p>\n<p>Irans Au\u00dfenminister Abbas Araghtschi sprach von &#8222;gro\u00dfen Fortschritten&#8220; beim Versuch, die K\u00e4mpfe im Libanon zu beenden. Er erkl\u00e4rte au\u00dferdem, die US-Seeblockade iranischer H\u00e4fen sei aufgehoben worden und erste eingefrorene Guthaben w\u00fcrden freigegeben.<\/p>\n<p>Diese Angaben lie\u00dfen sich zun\u00e4chst nicht unabh\u00e4ngig \u00fcberpr\u00fcfen. Eine unmittelbare Stellungnahme der US-Seite zum Ergebnis des ersten Verhandlungstags gab es zun\u00e4chst nicht.<\/p>\n<p>Trump droht erneut<\/p>\n<p>US-Pr\u00e4sident Donald Trump hatte den Iran w\u00e4hrend der Gespr\u00e4che erneut gewarnt. Teheran m\u00fcsse seine Verb\u00fcndeten im Libanon daran hindern, &#8222;Unruhe zu stiften&#8220;, schrieb Trump. Andernfalls w\u00fcrden die USA den Iran erneut hart treffen.<\/p>\n<p>Auch mit Blick auf die Stra\u00dfe von Hormus versch\u00e4rfte Trump den Ton. Der Iran reagierte demonstrativ gelassen, betonte aber zugleich seine milit\u00e4rische Bereitschaft.<\/p>\n<p>Die grunds\u00e4tzlichen Konflikte bleiben damit offen: Dazu z\u00e4hlen <a href=\"https:\/\/www.bayerische-staatszeitung.de\/staatszeitung\/politik\/detailansicht-politik\/artikel\/usa-und-israel-fuehren-wieder-krieg-gegen-den-iran.html#topPosition\" target=\"_blank\" rel=\"nofollow noopener\">Irans Atomprogramm<\/a>, Sanktionserleichterungen, die Lage im Libanon und die Zukunft der Waffenruhe. (dpa)<\/p>\n","protected":false},"excerpt":{"rendered":"Die Verhandlungen zwischen den USA und dem Iran \u00fcber ein umfassendes Abkommen zur Beilegung des Kriegs gehen weiter.&hellip;\n","protected":false},"author":2,"featured_media":1112986,"comment_status":"","ping_status":"","sticky":false,"template":"","format":"standard","meta":{"footnotes":"","_share_on_mastodon":"0"},"categories":[3977],"tags":[331,332,1982,772,1984,1983,1096,13,259,1987,80,1985,963,1988,62,14,15,16,12,4017,4018,4016,64,4019,4020,1986],"class_list":["post-1112985","post","type-post","status-publish","format-standard","has-post-thumbnail","category-usa","tag-aktuelle-nachrichten","tag-aktuelle-news","tag-bayerische-staatszeitung-de","tag-bayern","tag-bsz","tag-bsz-de","tag-freistaat","tag-headlines","tag-informationen","tag-kommunales","tag-kultur","tag-landtag","tag-lokales","tag-maximilianeum","tag-medien","tag-nachrichten","tag-news","tag-politik","tag-schlagzeilen","tag-united-states","tag-united-states-of-america","tag-us","tag-usa","tag-vereinigte-staaten","tag-vereinigte-staaten-von-amerika","tag-zeitung"],"share_on_mastodon":{"url":"https:\/\/pubeurope.com\/@de\/116793095308266532","error":""},"_links":{"self":[{"href":"https:\/\/www.europesays.com\/de\/wp-json\/wp\/v2\/posts\/1112985","targetHints":{"allow":["GET"]}}],"collection":[{"href":"https:\/\/www.europesays.com\/de\/wp-json\/wp\/v2\/posts"}],"about":[{"href":"https:\/\/www.europesays.com\/de\/wp-json\/wp\/v2\/types\/post"}],"author":[{"embeddable":true,"href":"https:\/\/www.europesays.com\/de\/wp-json\/wp\/v2\/users\/2"}],"replies":[{"embeddable":true,"href":"https:\/\/www.europesays.com\/de\/wp-json\/wp\/v2\/comments?post=1112985"}],"version-history":[{"count":0,"href":"https:\/\/www.europesays.com\/de\/wp-json\/wp\/v2\/posts\/1112985\/revisions"}],"wp:featuredmedia":[{"embeddable":true,"href":"https:\/\/www.europesays.com\/de\/wp-json\/wp\/v2\/media\/1112986"}],"wp:attachment":[{"href":"https:\/\/www.europesays.com\/de\/wp-json\/wp\/v2\/media?parent=1112985"}],"wp:term":[{"taxonomy":"category","embeddable":true,"href":"https:\/\/www.europesays.com\/de\/wp-json\/wp\/v2\/categories?post=1112985"},{"taxonomy":"post_tag","embeddable":true,"href":"https:\/\/www.europesays.com\/de\/wp-json\/wp\/v2\/tags?post=1112985"}],"curies":[{"name":"wp","href":"https:\/\/api.w.org\/{rel}","templated":true}]}}