{"id":1113044,"date":"2026-06-22T10:13:15","date_gmt":"2026-06-22T10:13:15","guid":{"rendered":"https:\/\/www.europesays.com\/de\/1113044\/"},"modified":"2026-06-22T10:13:15","modified_gmt":"2026-06-22T10:13:15","slug":"landsberger-orgelsommer-laesst-muenchener-schule-und-reubkes-psalm-erklingen","status":"publish","type":"post","link":"https:\/\/www.europesays.com\/de\/1113044\/","title":{"rendered":"Landsberger Orgelsommer l\u00e4sst M\u00fcnchener Schule und Reubkes Psalm erklingen"},"content":{"rendered":"<p class=\"mb-6 text-xs-varying md:text-m lg:text-l font-serif group-[.font-sans]:font-sans \">\n    Ein Orgelkonzert ohne Bach und ohne einen einzigen Vertreter franz\u00f6sischer Orgeltraditionen \u2013 ist das m\u00f6glich? Es ist, das bewies Stefan Kagl bei der zweiten Matinee des Landsberger Orgelsommers. Kagl, in <a href=\"https:\/\/www.augsburger-allgemeine.de\/orte\/aa-muenchen\" target=\"_self\" class=\"underline \" rel=\"nofollow noopener\">M\u00fcnchen<\/a> geboren und nach Stationen in Bad Kissingen, Rudolstadt und Herford seit einem Jahr zur\u00fcck in seiner Heimatstadt als Kirchenmusiker an mehreren bedeutenden Kirchen, widmete sich in <a href=\"https:\/\/www.augsburger-allgemeine.de\/landsberg\/ort\/landsberg\" target=\"_self\" class=\"underline \" rel=\"nofollow noopener\">Landsberg<\/a> mit Franz Lachner, Joseph Rheinberger und Cyrill Kistler drei Vertretern der M\u00fcnchner Schule der Romantik. Hauptwerk der Matinee war jedoch \u201eDer 94. Psalm\u201c von Julius Reubke (Quedlinburg; 1834-1858).\n  <\/p>\n<p class=\"mb-6 text-xs-varying md:text-m lg:text-l font-serif group-[.font-sans]:font-sans \">\n    Die drei Organisten der M\u00fcnchener Schule stehen zudem in Beziehung zueinander, erfuhr das Publikum vor Beginn des Konzerts. So war Lachner Lehrer von Rheinberger und dieser wiederum unterrichtete Kistler. Zus\u00e4tzlich gibt es Verbindungen in unsere Region: Lachner stammt aus Rain am Lech, Kistler aus Gro\u00dfaitingen. Die beiden Erstgenannten waren \u201eAnti-Wagnerianer\u201c. Bei Kistler sei diese Aversion langsam verflogen. Dessen Komponierkunst stellte Kagl auf die gleiche Stufe wie Wagner, vielleicht sogar dar\u00fcber. Die meisten Komponisten der M\u00fcnchner Schule beziehungsweise deren Werke seien heute vergessen \u2013 au\u00dfer Rheinberger. Kompositionen des Liechtensteiners, der mit zw\u00f6lf Jahren nach M\u00fcnchen kam und dort sein Leben lang blieb, finden sich immer wieder in Konzertprogrammen.\n  <\/p>\n<p class=\"mb-6 text-xs-varying md:text-m lg:text-l font-serif group-[.font-sans]:font-sans \">\n    Stefan Kagl startete die Matinee mit einem zarten, stillen, weich registrierten Adagio von Franz Lachner, das sich dynamisch steigerte in ein harmonisch flie\u00dfendes Andante. Fast unmerklich wanderte der Organist weiter zu Rheinberger und einer kleinen, romantisch-lyrischen Melodie mit Passagen in feinstem Pianissimo. Bei Kistler und seiner Sonatine sind, wie angedeutet, Anfl\u00fcge von Wagnerscher Musik zu h\u00f6ren. Die Wechsel zwischen sehr kr\u00e4ftig und wunderbar zart arbeitete Stefan Kagl deutlich heraus, setzte Register, die die Luft im Kirchenraum vibrieren lie\u00dfen.\n  <\/p>\n<p>            Julius Reubke \u00fcbertraf seinen Lehrmeister Franz Liszt<\/p>\n<p class=\"mb-6 text-xs-varying md:text-m lg:text-l font-serif group-[.font-sans]:font-sans \">\n    \u201eHerr Gott, dess die Rache ist, erscheine.\u201c Der erste Vers des 94. Psalms liest sich wie ein Hilfe- oder Klageruf einer geplagten Kreatur. Julius Reubke hat neun der 23 Verse dieses Psalms als dreis\u00e4tzige Sonate vertont. Stefan Kagl bezeichnete das Werk als \u201ehochdramatisch; bestes Orgelst\u00fcck der Romantik\u201c. Der Franz Liszt-Sch\u00fcler Reubke habe seinen Lehrmeister \u00fcbertroffen. Das Besondere an Reubkes 94. Psalm ist die nachvollziehbare Umsetzung der Verse in Musik. Der Komponist hat eine zu seiner Zeit erst im Entstehen begriffene, sinfonische Dichtung geschaffen. Allerdings keine leichte, was schon der Hinweis des Komponisten belegt, dass das ausgew\u00e4hlte Instrument schon eine Orgel mit mindestens drei Manualen sein m\u00fcsse.\n  <\/p>\n<p>      <a href=\"https:\/\/www.augsburger-allgemeine.de\/landsberg\/veteranentag-und-orgelsommer-blasmusik-irritiert-konzertbesucher-114513252\" class=\"hidden  &#010;                md:block md:mr-5 md:min-w-[140px]  aspect-photo md:aspect-tv lg:aspect-tv w-fullXXX relative self-start inline overflow-hidden\" rel=\"nofollow noopener\" target=\"_blank\"><\/p>\n<p>    <img decoding=\"async\" src=\"\" alt=\"Dass sich die Blasmusik zum Veteranentag mit dem Orgelsommer in der Stadtpfarrkirche \u00fcberschnitt, irritierte viele Freunde der Orgelmusik.\" title=\"Dass sich die Blasmusik zum Veteranentag mit dem Orgelsommer in der Stadtpfarrkirche \u00fcberschnitt, irritierte viele Freunde der Orgelmusik.\" loading=\"lazy\" class=\"h-full w-full object-cover\"\/><br \/>\n   <\/a><\/p>\n<p class=\"mb-6 text-xs-varying md:text-m lg:text-l font-serif group-[.font-sans]:font-sans \">\n    Tief, dunkel wird mit den ersten beiden Versen ein im gesamten St\u00fcck immer wiederkehrendes Motiv vorgestellt. In den folgenden Versen hadert\u00a0der Prophet mit Gott, kritisiert ihn. Ein sehr kr\u00e4ftiges Allegro beschreibt den Zorn. Nahtlos geht es \u00fcber in den zweiten Satz, bei dem Kagl die zarten Pfeifen der Orgel einsetzte. Reinsten Musikgenuss bringt der dritte Satz, eine gewaltige Fuge mit virtuosen L\u00e4ufen und Verschiebungen, die vom Musiker nicht nur Virtuosit\u00e4t, sondern auch eine der jeweiligen Orgel angepasste Registrierung erwarten.\n  <\/p>\n<p>            F\u00fcr ein freches Beethoven-Medley zieht Stefan Kagl alle Register<\/p>\n<p class=\"mb-6 text-xs-varying md:text-m lg:text-l font-serif group-[.font-sans]:font-sans \">\n    Beides konnte das schlussendlich begeisterte Publikum genie\u00dfen. Und bekam als Dank f\u00fcr anhaltenden Applaus eine Zugabe serviert: F\u00fcr das freche Beethoven-Medley zog Stefan Kagl dann wirklich alle Register, nutzte auch Besonderheiten der Landsberger Orgel. Und zeigte, dass f\u00fcr ordentliches Gehupe keine gro\u00dfen Autos vor der Kirchent\u00fcr notwendig sind \u2013 das kann auch die K\u00f6nigin der Instrumente.\n  <\/p>\n","protected":false},"excerpt":{"rendered":"Ein Orgelkonzert ohne Bach und ohne einen einzigen Vertreter franz\u00f6sischer Orgeltraditionen \u2013 ist das m\u00f6glich? Es ist, das&hellip;\n","protected":false},"author":2,"featured_media":1113045,"comment_status":"","ping_status":"","sticky":false,"template":"","format":"standard","meta":{"footnotes":"","_share_on_mastodon":"0"},"categories":[1827],"tags":[772,235426,29,235427,30,235428,235429,112876,1268,92072,235430,7529,966],"class_list":["post-1113044","post","type-post","status-publish","format-standard","has-post-thumbnail","category-muenchen","tag-bayern","tag-cyrill-kistler","tag-deutschland","tag-franz-lachner","tag-germany","tag-joseph-rheinberger","tag-julius-reubke","tag-landsberg","tag-muenchen","tag-orgelsommer","tag-orgeltradition","tag-romantik","tag-schule"],"share_on_mastodon":{"url":"https:\/\/pubeurope.com\/@de\/116793233196822474","error":""},"_links":{"self":[{"href":"https:\/\/www.europesays.com\/de\/wp-json\/wp\/v2\/posts\/1113044","targetHints":{"allow":["GET"]}}],"collection":[{"href":"https:\/\/www.europesays.com\/de\/wp-json\/wp\/v2\/posts"}],"about":[{"href":"https:\/\/www.europesays.com\/de\/wp-json\/wp\/v2\/types\/post"}],"author":[{"embeddable":true,"href":"https:\/\/www.europesays.com\/de\/wp-json\/wp\/v2\/users\/2"}],"replies":[{"embeddable":true,"href":"https:\/\/www.europesays.com\/de\/wp-json\/wp\/v2\/comments?post=1113044"}],"version-history":[{"count":0,"href":"https:\/\/www.europesays.com\/de\/wp-json\/wp\/v2\/posts\/1113044\/revisions"}],"wp:featuredmedia":[{"embeddable":true,"href":"https:\/\/www.europesays.com\/de\/wp-json\/wp\/v2\/media\/1113045"}],"wp:attachment":[{"href":"https:\/\/www.europesays.com\/de\/wp-json\/wp\/v2\/media?parent=1113044"}],"wp:term":[{"taxonomy":"category","embeddable":true,"href":"https:\/\/www.europesays.com\/de\/wp-json\/wp\/v2\/categories?post=1113044"},{"taxonomy":"post_tag","embeddable":true,"href":"https:\/\/www.europesays.com\/de\/wp-json\/wp\/v2\/tags?post=1113044"}],"curies":[{"name":"wp","href":"https:\/\/api.w.org\/{rel}","templated":true}]}}