{"id":1113083,"date":"2026-06-22T10:34:19","date_gmt":"2026-06-22T10:34:19","guid":{"rendered":"https:\/\/www.europesays.com\/de\/1113083\/"},"modified":"2026-06-22T10:34:19","modified_gmt":"2026-06-22T10:34:19","slug":"britischer-premier-starmer-kuendigt-ruecktritt-an","status":"publish","type":"post","link":"https:\/\/www.europesays.com\/de\/1113083\/","title":{"rendered":"Britischer Premier Starmer k\u00fcndigt R\u00fccktritt an"},"content":{"rendered":"<p>            <img loading=\"lazy\" decoding=\"async\" class=\"ts-image\" src=\"https:\/\/www.europesays.com\/de\/wp-content\/uploads\/2026\/06\/starmer-228.jpg\" alt=\"Keir Starmer\" title=\"Keir Starmer | EPA\"\/><\/p>\n<p class=\"metatextline\">Stand: 22.06.2026 \u2022 12:17 Uhr<\/p>\n<p class=\"article-head__shorttext\">\n        <strong>Nach innerparteilichem Druck hat der britische Premierminister Starmer seinen R\u00fccktritt als Chef der Labour-Partei bekanntgegeben. Premier will er bleiben, bis ein Nachfolger gefunden ist. Der steht bereits in den Startl\u00f6chern.<\/strong>\n    <\/p>\n<p class=\"textabsatz m-ten m-offset-one l-eight l-offset-two columns twelve\">Der britische Premierminister Keir Starmer hat seinen R\u00fccktritt als Chef der Labour-Partei bekanntgegeben. Er habe dazu am Morgen mit K\u00f6nig Charles gesprochen, erkl\u00e4rte Starmer.<\/p>\n<p class=\"textabsatz m-ten m-offset-one l-eight l-offset-two columns twelve\">Als Premierminister werde er weitermachen, bis ein Nachfolger gefunden ist. Seinem Nachfolger oder seiner Nachfolgerin sicherte der Premier seine volle Unterst\u00fctzung zu.<\/p>\n<p>    Kritik aus den eigenen Reihen<\/p>\n<p class=\"textabsatz m-ten m-offset-one l-eight l-offset-two columns twelve\">Es sei klar, dass seine Partei seinen R\u00fccktritt w\u00fcnsche, erkl\u00e4rte Starmer. &#8222;Die Frage, die sich meine Partei derzeit stellt, ist, ob ich am besten geeignet bin, uns in die n\u00e4chsten Parlamentswahlen zu f\u00fchren. Ich habe die Antwort meiner Fraktion auf diese Frage geh\u00f6rt und nehme diese Antwort mit W\u00fcrde entgegen.&#8220;<\/p>\n<p class=\"textabsatz m-ten m-offset-one l-eight l-offset-two columns twelve\">Bis zur Parlamentspause Anfang Juli k\u00f6nnten sich Kandidaten f\u00fcr die Nachfolge nominieren lassen, bis im September das Unterhaus wieder zusammenkomme, g\u00e4be es dann einen neuen Regierungschef, so Starmer.<\/p>\n<p>    Burnham steht in den Startl\u00f6chern<\/p>\n<p class=\"textabsatz m-ten m-offset-one l-eight l-offset-two columns twelve\">Sein Rivale <a href=\"https:\/\/www.tagesschau.de\/ausland\/europa\/grossbritannien-starmer-106.html\" title=\"Andy Burnham: Wird er der neue britische Premier?\" rel=\"nofollow noopener\" target=\"_blank\">Andy Burnham <\/a>gilt vielen als klarer Favorit f\u00fcr den Labour-Vorsitz und das damit verbundene Amt des Premiers. Nach Starmers R\u00fccktrittsank\u00fcndigung gab er bekannt, sich um seine Nachfolge bewerben zu wollen.<\/p>\n<p class=\"textabsatz m-ten m-offset-one l-eight l-offset-two columns twelve\">Der B\u00fcrgermeister von Greater Manchester gewann bereits vergangene Woche eine Nachwahl zum Parlament in Westminster und schaffte damit eine Voraussetzung, den Regierungschef an der Labour-Spitze herauszufordern.<\/p>\n<p class=\"textabsatz m-ten m-offset-one l-eight l-offset-two columns twelve\">Der Labour-Politiker setzte sich dabei gegen einen Kandidaten der rechtspopulistischen Partei Reform UK von Nigel Farage durch, die seit mehr als einem Jahr die landesweiten Umfragen anf\u00fchrt.<\/p>\n<p>    Kurzfristiger Richtungswechsel<\/p>\n<p class=\"textabsatz m-ten m-offset-one l-eight l-offset-two columns twelve\">Starmer hatte noch am Freitag erkl\u00e4rt, um sein Amt k\u00e4mpfen und <a href=\"https:\/\/www.tagesschau.de\/ausland\/europa\/grossbritannien-starmer-burnham-100.html\" title=\"Starmer will um sein Amt als Labour-Chef in Gro\u00dfbritannien k\u00e4mpfen\" rel=\"nofollow noopener\" target=\"_blank\">sich einer Urwahl um den Parteivorsitz stellen zu wollen<\/a>. Am Wochenende \u00e4nderte er aber offenbar seine Haltung.<\/p>\n<p class=\"textabsatz m-ten m-offset-one l-eight l-offset-two columns twelve\">So soll Medienberichten zufolge Au\u00dfenministerin Yvette Cooper und einige Abgeordnete Starmer zum R\u00fcckzug gedr\u00e4ngt haben. Umfragen unter Parteimitgliedern hatten au\u00dferdem darauf hingedeutet, dass Burnham eine Kampfabstimmung gewinnen w\u00fcrde.<\/p>\n<p>    Lobende Worte aus Br\u00fcssel<\/p>\n<p class=\"textabsatz m-ten m-offset-one l-eight l-offset-two columns twelve\">In einer ersten Reaktion w\u00fcrdigte EU-Kommissionspr\u00e4sidentin Ursula von der Leyen Starmers Arbeit. &#8222;Viele Regierungschefs brauchen Jahre, um zu dem Staatsmann heranzuwachsen, der Du in nur zwei Jahren geworden bist&#8220;, erkl\u00e4rte von der Leyen auf der Plattform X. &#8222;Die Sicherheit Europas und der Ukraine ist Dank Dir gest\u00e4rkt.&#8220;<\/p>\n<p>    Verluste bei Kommunalwahlen, \u00c4rger um Mandelson<\/p>\n<p class=\"textabsatz m-ten m-offset-one l-eight l-offset-two columns twelve\">Starmer hatte das Amt des Premierministers nach dem Wahlsieg seiner sozialdemokratischen Labour-Partei im Juli 2024 \u00fcbernommen. Seitdem sind seine Beliebtheitswerte sowie die der Partei drastisch eingebrochen.<\/p>\n<p class=\"textabsatz m-ten m-offset-one l-eight l-offset-two columns twelve\">Der britische Premier steht unter anderem <a href=\"https:\/\/www.tagesschau.de\/ausland\/europa\/grossbritannien-kommunalwahl-labour-100.html\" title=\"Nach Kommunalwahl in Gro\u00dfbritannien: Das Ende von Labour?\" rel=\"nofollow noopener\" target=\"_blank\">wegen der schlechten Ergebnisse seiner Partei<\/a> bei den Kommunal- und Regionalwahlen vergangene Woche in der Kritik. R\u00fccktrittsforderungen an Starmer hatte es jedoch bereits zuvor gegeben &#8211; unter anderem wegen <a href=\"https:\/\/www.tagesschau.de\/ausland\/europa\/epstein-starmer-stabschef-entlassen-100.html\" title=\"Starmers Stabschef tritt wegen Epstein-Enth\u00fcllungen zur\u00fcck\" rel=\"nofollow noopener\" target=\"_blank\">seiner Ernennung des Epstein-Vertrauten Peter Mandelson<\/a> zum US-Botschafter im vergangenen Jahr.<\/p>\n<p class=\"textabsatz m-ten m-offset-one l-eight l-offset-two columns twelve\">Auch wegen der schwachen Wirtschaft, hohen Lebenshaltungskosten und dem maroden \u00f6ffentlichen Dienst steht Starmers Labour-Regierung in der Kritik. W\u00e4hlerinnen und W\u00e4hler werfen ihm vor, seine Versprechen aus dem Wahlkampf nicht eingel\u00f6st zu haben.<\/p>\n<p class=\"textabsatz m-ten m-offset-one l-eight l-offset-two columns twelve\">Starmer ist bereits der sechste Premierminister binnen zehn Jahren, der seinen vorzeitigen R\u00fccktritt ank\u00fcndigt.<\/p>\n","protected":false},"excerpt":{"rendered":"Stand: 22.06.2026 \u2022 12:17 Uhr Nach innerparteilichem Druck hat der britische Premierminister Starmer seinen R\u00fccktritt als Chef der&hellip;\n","protected":false},"author":2,"featured_media":1113084,"comment_status":"","ping_status":"","sticky":false,"template":"","format":"standard","meta":{"footnotes":"","_share_on_mastodon":"0"},"categories":[3],"tags":[551,13,29537,14,15,12,6382,10,8,9,11,103,104],"class_list":["post-1113083","post","type-post","status-publish","format-standard","has-post-thumbnail","category-welt","tag-grossbritannien","tag-headlines","tag-labour-partei","tag-nachrichten","tag-news","tag-schlagzeilen","tag-starmer","tag-top-news","tag-top-meldungen","tag-topmeldungen","tag-topnews","tag-welt","tag-world"],"share_on_mastodon":{"url":"https:\/\/pubeurope.com\/@de\/116793317609727250","error":""},"_links":{"self":[{"href":"https:\/\/www.europesays.com\/de\/wp-json\/wp\/v2\/posts\/1113083","targetHints":{"allow":["GET"]}}],"collection":[{"href":"https:\/\/www.europesays.com\/de\/wp-json\/wp\/v2\/posts"}],"about":[{"href":"https:\/\/www.europesays.com\/de\/wp-json\/wp\/v2\/types\/post"}],"author":[{"embeddable":true,"href":"https:\/\/www.europesays.com\/de\/wp-json\/wp\/v2\/users\/2"}],"replies":[{"embeddable":true,"href":"https:\/\/www.europesays.com\/de\/wp-json\/wp\/v2\/comments?post=1113083"}],"version-history":[{"count":0,"href":"https:\/\/www.europesays.com\/de\/wp-json\/wp\/v2\/posts\/1113083\/revisions"}],"wp:featuredmedia":[{"embeddable":true,"href":"https:\/\/www.europesays.com\/de\/wp-json\/wp\/v2\/media\/1113084"}],"wp:attachment":[{"href":"https:\/\/www.europesays.com\/de\/wp-json\/wp\/v2\/media?parent=1113083"}],"wp:term":[{"taxonomy":"category","embeddable":true,"href":"https:\/\/www.europesays.com\/de\/wp-json\/wp\/v2\/categories?post=1113083"},{"taxonomy":"post_tag","embeddable":true,"href":"https:\/\/www.europesays.com\/de\/wp-json\/wp\/v2\/tags?post=1113083"}],"curies":[{"name":"wp","href":"https:\/\/api.w.org\/{rel}","templated":true}]}}