{"id":111311,"date":"2025-05-15T01:11:18","date_gmt":"2025-05-15T01:11:18","guid":{"rendered":"https:\/\/www.europesays.com\/de\/111311\/"},"modified":"2025-05-15T01:11:18","modified_gmt":"2025-05-15T01:11:18","slug":"blaue-nacht-nuernberg-vag-busse-umgeleitet-strassen-gesperrt","status":"publish","type":"post","link":"https:\/\/www.europesays.com\/de\/111311\/","title":{"rendered":"Blaue Nacht N\u00fcrnberg: VAG-Busse umgeleitet, Stra\u00dfen gesperrt"},"content":{"rendered":"<p>Das gilt am Samstag <\/p>\n<p>Blaue Nacht: Busse umgeleitet und Stra\u00dfen gesperrt<\/p>\n<p>14.05.2025 &#8211; 14:58 UhrLesedauer: 2 Min.<\/p>\n<p><a href=\"#focus-0\" class=\"transition-colors duration-200 focus-within:text-magenta block text-current relative\" data-sctrack=\"FocusGalleryImage.Reference\"><img fetchpriority=\"high\" data-testid=\"Opener.Image\" style=\"--lqipURL:url('https:\/\/images.t-online.de\/2022\/04\/92058640v2\/0x98:1920x1080\/fit-in\/150x0\/filters:blur(25)\/kunstprojektion-auf-der-kaiserburg-in-nuernberg-kuenstlerin-barbara-engelhard-brachte-2017-die-burg-zur-blauen-nacht-zum-leuchten.jpg')\"   loading=\"eager\" src=\"https:\/\/www.europesays.com\/de\/wp-content\/uploads\/2025\/05\/kunstprojektion-auf-der-kaiserburg-in-nuernberg-kuenstlerin-barbara-engelhard-brachte-2017-die-burg-.jpeg\" alt=\"Kunstprojektion auf der Kaiserburg in N\u00fcrnberg: K\u00fcnstlerin Barbara Engelhard brachte 2017 die Burg zur Blauen Nacht zum Leuchten.\" title=\"Kunstprojektion auf der Kaiserburg in N\u00fcrnberg: K\u00fcnstlerin Barbara Engelhard brachte 2017 die Burg zur Blauen Nacht zum Leuchten.\" width=\"1920\" height=\"1080\" class=\"bg-[url:var(--lqipURL)] bg-cover bg-center flex w-full max-w-full h-full\" decoding=\"async\"\/><img style=\"--width:32;--height:32\" loading=\"lazy\" src=\"https:\/\/www.europesays.com\/de\/wp-content\/uploads\/2025\/03\/zoom-in.f7dae02f.svg.svg+xml\" alt=\"Vergr\u00f6\u00dfern des Bildes\" title=\"Vergr\u00f6\u00dfern des Bildes\" class=\"&#10;        block&#10;        h-[calc(var(--height)_\/_16_*_1rem)]&#10;        w-[calc(var(--width)_\/_16_*_1rem)]&#10;        max-w-none&#10;        absolute bottom-8 right-8 rounded-4 bg-snow p-8\" decoding=\"async\"\/><\/a><\/p>\n<p>Kunstprojektion auf der Kaiserburg in N\u00fcrnberg (Archivbild): Die Kunstprojektionen gelten als Highlight bei dem Gro\u00dfevent. (Quelle: Future Image\/imago-images-bilder)<\/p>\n<p class=\"font-bold text-18 leading-17\">Vor N\u00fcrnberg liegt ein Gro\u00dfevent. Das hat auch Folgen f\u00fcr den Verkehr \u2013 gleichzeitig f\u00e4llt ein beliebtes Angebot beim Nahverkehr weg.<\/p>\n<p class=\"text-18 leading-17\">Am Samstag findet in der Innenstadt von <a class=\"transition-colors duration-200 cursor-pointer text-inherit no-underline text-salemsfur md:hover:text-magenta md:hover:border-magenta md:focus:text-magenta border-current border-b border-solid break-words\" href=\"https:\/\/www.t-online.de\/region\/nuernberg\/\" data-sctrack=\"BodyAnchor\" rel=\"nofollow noopener\" target=\"_blank\">N\u00fcrnberg<\/a> wieder die Blaue Nacht statt. Wegen des gro\u00dfen Andrangs kommt es zu Einschr\u00e4nkungen im Busverkehr und umfangreichen Sperrungen in der Altstadt. Das teilten die Verkehrs-Aktiengesellschaft (VAG) und die Stadtverwaltung mit. Ein Kombiticket f\u00fcr Bus und Bahn ist dieses Mal nicht im Eintritt enthalten.<\/p>\n<p class=\"text-18 leading-17\">Die Buslinien 36, 37, 46, 47 und N11 der VAG fahren am Samstag ab 17 Uhr ge\u00e4nderte Strecken. Hintergrund sind die vielen Menschen, die rund um den Hauptmarkt erwartet werden.<\/p>\n<p class=\"text-18 leading-17\">Die Linie 36 umf\u00e4hrt den gesperrten Hauptmarkt: Ab Haltestelle Rathaus f\u00e4hrt sie \u00fcber Tetzelgasse und Vestnertorgraben zur Haltestelle Hallertor und von dort zum Pl\u00e4rrer. In Gegenrichtung wird die Route \u00fcber Neutorgraben, Bucher Stra\u00dfe, Pirckheimerstra\u00dfe, Rollnerstra\u00dfe und Tetzelgasse zur\u00fcck zur Haltestelle Rathaus gef\u00fchrt. Die Haltestellen Burgstra\u00dfe, Hauptmarkt und Weintraubengasse entfallen.<\/p>\n<p class=\"text-18 leading-17\">Fahrg\u00e4ste sollen f\u00fcr diesen Abschnitt auf die U1 oder die Stra\u00dfenbahnlinien 4, 6 und 10 westlich der Altstadt ausweichen, sagt die VAG. Auch die Linien 37, 46 und 47 enden und starten ab 17 Uhr am Rathaus. Die Haltestelle Heilig-Geist-Spital wird nicht angefahren.<\/p>\n<p class=\"text-18 leading-17\">Die Linie N11 ist ebenfalls betroffen. Richtung Stadtgrenze f\u00e4hrt sie bis zur Haltestelle Rathaus den regul\u00e4ren Weg, wendet am F\u00fcnferplatz und f\u00e4hrt \u00fcber Tetzelgasse, Vestnertorgraben und Johannisstra\u00dfe zur Hallerstra\u00dfe. Ab dort geht es weiter nach Plan. Richtung Hauptbahnhof erfolgt die Umleitung in umgekehrter Richtung. Auch hier entfallen Burgstra\u00dfe, Hauptmarkt und Weintraubengasse.<\/p>\n<p class=\"text-18 leading-17\">Auch, wenn die Stadtverwaltung grunds\u00e4tzlich die Anreise mit dem Nahverkehr empfiehlt, ist in den Tickets f\u00fcr die Blaue-Nacht kein VGN-Ticket mehr enthalten. Hei\u00dft: Wer mit Bus und Bahn kommt, muss einen regul\u00e4ren Fahrschein l\u00f6sen.<\/p>\n<p class=\"text-18 leading-17\">Im Zentrum kommt es am Samstag ab dem sp\u00e4ten Nachmittag zu zahlreichen Stra\u00dfensperrungen. Besonders betroffen ist die Sebalder Altstadt. Die Zufahrten \u00fcber das Neutor bleiben f\u00fcr Anwohner offen, andere Stra\u00dfen wie Obere und Untere Schmiedgasse, Am \u00d6lberg sowie Bergstra\u00dfe und Albrecht-D\u00fcrer-Platz werden komplett gesperrt.<\/p>\n<p class=\"text-18 leading-17\">Die Verbindung \u00fcber den Weinmarkt ist zwischen 17 und 1 Uhr gesperrt. Auch in der s\u00fcdlichen Altstadt gelten diverse Einschr\u00e4nkungen. Dicht ist etwa der Lorenzer Platz ab dem Kreisel. Die Peter-Vischer-Stra\u00dfe bleibt nur f\u00fcr Anwohner befahrbar, solange es die Sicherheitslage zul\u00e4sst. Die Sperren sind gro\u00dfteils bewacht. Generell empfiehlt die Stadtverwaltung Anwohnern, ihre Anwohnerausweise mitzuf\u00fchren und sich auf Einschr\u00e4nkungen einzustellen.<\/p>\n<p class=\"text-18 leading-17\">Zus\u00e4tzlich ist w\u00e4hrend der Veranstaltungszeit kein Radverkehr im Bereich Hauptmarkt erlaubt.<\/p>\n","protected":false},"excerpt":{"rendered":"Das gilt am Samstag Blaue Nacht: Busse umgeleitet und Stra\u00dfen gesperrt 14.05.2025 &#8211; 14:58 UhrLesedauer: 2 Min. Kunstprojektion&hellip;\n","protected":false},"author":2,"featured_media":111312,"comment_status":"","ping_status":"","sticky":false,"template":"","format":"standard","meta":{"footnotes":"","_share_on_mastodon":"0"},"categories":[1837],"tags":[772,3364,29,30,8020,43399,3783,11022,43398],"class_list":["post-111311","post","type-post","status-publish","format-standard","has-post-thumbnail","category-nuernberg","tag-bayern","tag-de","tag-deutschland","tag-germany","tag-hauptmarkt","tag-kaiserburg","tag-nuernberg","tag-vag","tag-vgn"],"share_on_mastodon":{"url":"https:\/\/pubeurope.com\/@de\/114509190663990301","error":""},"_links":{"self":[{"href":"https:\/\/www.europesays.com\/de\/wp-json\/wp\/v2\/posts\/111311","targetHints":{"allow":["GET"]}}],"collection":[{"href":"https:\/\/www.europesays.com\/de\/wp-json\/wp\/v2\/posts"}],"about":[{"href":"https:\/\/www.europesays.com\/de\/wp-json\/wp\/v2\/types\/post"}],"author":[{"embeddable":true,"href":"https:\/\/www.europesays.com\/de\/wp-json\/wp\/v2\/users\/2"}],"replies":[{"embeddable":true,"href":"https:\/\/www.europesays.com\/de\/wp-json\/wp\/v2\/comments?post=111311"}],"version-history":[{"count":0,"href":"https:\/\/www.europesays.com\/de\/wp-json\/wp\/v2\/posts\/111311\/revisions"}],"wp:featuredmedia":[{"embeddable":true,"href":"https:\/\/www.europesays.com\/de\/wp-json\/wp\/v2\/media\/111312"}],"wp:attachment":[{"href":"https:\/\/www.europesays.com\/de\/wp-json\/wp\/v2\/media?parent=111311"}],"wp:term":[{"taxonomy":"category","embeddable":true,"href":"https:\/\/www.europesays.com\/de\/wp-json\/wp\/v2\/categories?post=111311"},{"taxonomy":"post_tag","embeddable":true,"href":"https:\/\/www.europesays.com\/de\/wp-json\/wp\/v2\/tags?post=111311"}],"curies":[{"name":"wp","href":"https:\/\/api.w.org\/{rel}","templated":true}]}}