{"id":1113119,"date":"2026-06-22T10:55:16","date_gmt":"2026-06-22T10:55:16","guid":{"rendered":"https:\/\/www.europesays.com\/de\/1113119\/"},"modified":"2026-06-22T10:55:16","modified_gmt":"2026-06-22T10:55:16","slug":"mit-guete-und-guten-ideen-garnbleicher-auf-dem-barmer-werth","status":"publish","type":"post","link":"https:\/\/www.europesays.com\/de\/1113119\/","title":{"rendered":"Mit G\u00fcte und guten Ideen: Garnbleicher auf dem Barmer Werth"},"content":{"rendered":"<p class=\"text_ohne_einzug richtext text-em-55 !leading-serif mx-6 desktop:mx-0\">Wer am Samstagmorgen auf dem Werth unterwegs war, durfte \u00fcberrascht gewesen sein, die Oberb\u00fcrgermeisterin Miriam Scherff in Begleitung von sieben Herren in wei\u00dfen Sch\u00fcrzen, H\u00fcten und Blotschen anzutreffen. Es begann mit einer kleinen Meisterklasse am Brunnen Werther Br\u00fccke, bei dem sich Scherff von den Garnbleichern \u2013 das waren sie n\u00e4mlich \u2013 den Umgang mit der Wasserwurfschaufel beibringen lie\u00df. Ebenfalls in einer Sch\u00fcrze mit dem Langerfelder Wappen, sch\u00f6pfte auch die Oberb\u00fcrgermeisterin mit der sogenannten G\u00fcte Wasser, um es f\u00e4cherartig in die Luft zu schleudern.<\/p>\n","protected":false},"excerpt":{"rendered":"Wer am Samstagmorgen auf dem Werth unterwegs war, durfte \u00fcberrascht gewesen sein, die Oberb\u00fcrgermeisterin Miriam Scherff in Begleitung&hellip;\n","protected":false},"author":2,"featured_media":1113120,"comment_status":"","ping_status":"","sticky":false,"template":"","format":"standard","meta":{"footnotes":"","_share_on_mastodon":"0"},"categories":[1840],"tags":[2500,235444,137430,235445,3364,29,137422,137424,137425,137434,30,69144,59158,235446,90363,1209,18852,45726,16725,32828,4418],"class_list":["post-1113119","post","type-post","status-publish","format-standard","has-post-thumbnail","category-wuppertal","tag-brunnen","tag-beibringen","tag-bleicher","tag-bleicherbrunnen","tag-de","tag-deutschland","tag-garn","tag-garnbleichen","tag-garnbleicher","tag-garnnahrung","tag-germany","tag-gute","tag-langerfeld","tag-leinengarn","tag-miriam","tag-nordrhein-westfalen","tag-oberbuergermeisterin","tag-scherff","tag-umgang","tag-werth","tag-wuppertal"],"share_on_mastodon":{"url":"https:\/\/pubeurope.com\/@de\/116793398227756651","error":""},"_links":{"self":[{"href":"https:\/\/www.europesays.com\/de\/wp-json\/wp\/v2\/posts\/1113119","targetHints":{"allow":["GET"]}}],"collection":[{"href":"https:\/\/www.europesays.com\/de\/wp-json\/wp\/v2\/posts"}],"about":[{"href":"https:\/\/www.europesays.com\/de\/wp-json\/wp\/v2\/types\/post"}],"author":[{"embeddable":true,"href":"https:\/\/www.europesays.com\/de\/wp-json\/wp\/v2\/users\/2"}],"replies":[{"embeddable":true,"href":"https:\/\/www.europesays.com\/de\/wp-json\/wp\/v2\/comments?post=1113119"}],"version-history":[{"count":0,"href":"https:\/\/www.europesays.com\/de\/wp-json\/wp\/v2\/posts\/1113119\/revisions"}],"wp:featuredmedia":[{"embeddable":true,"href":"https:\/\/www.europesays.com\/de\/wp-json\/wp\/v2\/media\/1113120"}],"wp:attachment":[{"href":"https:\/\/www.europesays.com\/de\/wp-json\/wp\/v2\/media?parent=1113119"}],"wp:term":[{"taxonomy":"category","embeddable":true,"href":"https:\/\/www.europesays.com\/de\/wp-json\/wp\/v2\/categories?post=1113119"},{"taxonomy":"post_tag","embeddable":true,"href":"https:\/\/www.europesays.com\/de\/wp-json\/wp\/v2\/tags?post=1113119"}],"curies":[{"name":"wp","href":"https:\/\/api.w.org\/{rel}","templated":true}]}}