{"id":111319,"date":"2025-05-15T01:15:24","date_gmt":"2025-05-15T01:15:24","guid":{"rendered":"https:\/\/www.europesays.com\/de\/111319\/"},"modified":"2025-05-15T01:15:24","modified_gmt":"2025-05-15T01:15:24","slug":"erste-freibaeder-oeffnen-ab-freitag-oeffnungszeiten-preise-infos","status":"publish","type":"post","link":"https:\/\/www.europesays.com\/de\/111319\/","title":{"rendered":"Erste Freib\u00e4der \u00f6ffnen ab Freitag \u2013 \u00d6ffnungszeiten, Preise &#038; Infos"},"content":{"rendered":"<p>Baden bis 21 Uhr <\/p>\n<p>Erste Dresdner Freib\u00e4der \u00f6ffnen ab Freitag<\/p>\n<p>14.05.2025 &#8211; 14:15 UhrLesedauer: 2 Min.<\/p>\n<p><a href=\"#focus-0\" class=\"transition-colors duration-200 focus-within:text-magenta block text-current relative\" data-sctrack=\"FocusGalleryImage.Reference\"><img fetchpriority=\"high\" data-testid=\"Opener.Image\" style=\"--lqipURL:url('https:\/\/images.t-online.de\/2025\/05\/bFJgpyer5Oxn\/253x362:2376x1336\/fit-in\/150x0\/filters:blur(25)\/das-freibad-hat-fuer-die-saison-2021-wieder-geoeffnet-in-hattingen-nur-fuer-redaktionelle-zwecke-editorial-use-only-p-theo-10-trainiert-fleissig-im-grossen-sportbecken-das-freibad-hat-am-07-072021-fuer-die-saison-2021-wieder-geoeffnet-in-hattingen-allerdings-liess-der-besucherzustrom-am-ertsen-oeffnungstag-noch-sehr-zu-wuenschen-ueberig-deutschland-nrw-hattingen-sprockhoevel-copyright-juergenxtheobald-the-outdoor-pool-has-for-the-season-2021-again-open-in-hattingen-only-for-editorial-purposes.jpg')\"   loading=\"eager\" src=\"https:\/\/www.europesays.com\/de\/wp-content\/uploads\/2025\/05\/1747271723_830_das-freibad-hat-fuer-die-saison-2021-wieder-geoeffnet-in-hattingen-nur-fuer-redaktionelle-zwecke-edi.jpeg\" alt=\"imago1022929440\" title=\"imago1022929440\" width=\"2376\" height=\"1336\" class=\"bg-[url:var(--lqipURL)] bg-cover bg-center flex w-full max-w-full h-full\" decoding=\"async\"\/><img style=\"--width:32;--height:32\" loading=\"lazy\" src=\"https:\/\/www.europesays.com\/de\/wp-content\/uploads\/2025\/03\/zoom-in.f7dae02f.svg.svg+xml\" alt=\"Vergr\u00f6\u00dfern des Bildes\" title=\"Vergr\u00f6\u00dfern des Bildes\" class=\"&#10;        block&#10;        h-[calc(var(--height)_\/_16_*_1rem)]&#10;        w-[calc(var(--width)_\/_16_*_1rem)]&#10;        max-w-none&#10;        absolute bottom-8 right-8 rounded-4 bg-snow p-8\" decoding=\"async\"\/><\/a><\/p>\n<p>Badespa\u00df im Freibad (Symbolbild): In einigen B\u00e4dern k\u00f6nnen sich die Besucher auf Erneuerungen freuen. (Quelle: J\u00fcrgen Theobald\/imago)<\/p>\n<p class=\"font-bold text-18 leading-17\">Drei Freib\u00e4der und zwei Badestellen er\u00f6ffnen am Freitag die Saison. Wann welches Bad \u00f6ffnet, wie viel der Eintritt kostet und was sich dieses Jahr ge\u00e4ndert hat \u2013 ein \u00dcberblick.<\/p>\n<p class=\"text-18 leading-17\">Das Georg-Arnhold-Bad, das Kombibad Prohlis und das Strandbad Wostra er\u00f6ffnen am 16. Mai die Freibadsaison in <a class=\"transition-colors duration-200 cursor-pointer text-inherit no-underline text-salemsfur md:hover:text-magenta md:hover:border-magenta md:focus:text-magenta border-current border-b border-solid break-words\" href=\"https:\/\/www.t-online.de\/region\/dresden\/\" data-sctrack=\"BodyAnchor\" target=\"_blank\" rel=\"noopener\">Dresden<\/a>. Zeitgleich starten auch die Badestellen in Weixdorf und Wei\u00dfig ihren Betrieb.<\/p>\n<p class=\"text-18 leading-17\">Die \u00fcbrigen Einrichtungen folgen am 28. Mai: Das Naturbad Mockritz, die Freib\u00e4der Wostra und Cotta, das Waldbad Langebr\u00fcck sowie das Luftbad D\u00f6lzschen.<\/p>\n<p class=\"text-18 leading-17\">Besucher k\u00f6nnen sich \u00fcber Auffrischungen freuen: Das FKK-Strandbad Wostra hat neuen Sand erhalten, und das Pumpenhaus in Cossebaude ziert ein neues Graffiti.<\/p>\n<p class=\"text-18 leading-17\">Auch der Betrieb des Stauseebads Cossebaude ist f\u00fcr die Saison 2025 gesichert: Der Pachtvertrag mit dem Vattenfall-Konzern wurde f\u00fcr 2025 verl\u00e4ngert, wie die Dresdner B\u00e4der best\u00e4tigten. Das beliebte Bad \u00f6ffnet ebenfalls am 28. Mai.<\/p>\n<p class=\"text-18 leading-17\">Die Eintrittspreise bleiben in dieser Saison unver\u00e4ndert. Den verg\u00fcnstigten Feierabend-Tarif gibt es montags bis freitags ab 16 Uhr weiterhin. Je nach Freibad variieren die Preise.<\/p>\n<p class=\"text-18 leading-17\">Mit einer Dresdner B\u00e4der-Vorteilskarte (Mindestwert 50,00 Euro) sparen Besucher bei jedem Eintritt 10 Prozent.<\/p>\n<p class=\"text-18 leading-17\">Alle Freib\u00e4der und Badestellen \u00f6ffnen t\u00e4glich von 10 bis 19 Uhr. Eine Ausnahme bildet das Georg-Arnhold-Bad, das bis 21 Uhr ge\u00f6ffnet bleibt. Dort k\u00f6nnen Fr\u00fchaufsteher vom 2. Juni bis zum 14. September montags bis freitags zwischen 6 und 8 Uhr im Freien schwimmen.<\/p>\n<p class=\"text-18 leading-17\">Die Freibadsaison endet f\u00fcr die meisten B\u00e4der am 7. September 2025. Das Georg-Arnhold-Bad, das Kombibad Prohlis, das Strandbad Wostra sowie die beiden Badestellen verl\u00e4ngern die Saison bis zum 14. September.<\/p>\n","protected":false},"excerpt":{"rendered":"Baden bis 21 Uhr Erste Dresdner Freib\u00e4der \u00f6ffnen ab Freitag 14.05.2025 &#8211; 14:15 UhrLesedauer: 2 Min. Badespa\u00df im&hellip;\n","protected":false},"author":2,"featured_media":111320,"comment_status":"","ping_status":"","sticky":false,"template":"","format":"standard","meta":{"footnotes":""},"categories":[1835],"tags":[722,43402,42852,43400,3364,29,2386,37885,10860,30,43403,859,43401,8983],"class_list":{"0":"post-111319","1":"post","2":"type-post","3":"status-publish","4":"format-standard","5":"has-post-thumbnail","7":"category-dresden","8":"tag-722","9":"tag-badespass","10":"tag-badestelle","11":"tag-cossebaude","12":"tag-de","13":"tag-deutschland","14":"tag-dresden","15":"tag-fkk","16":"tag-freibad","17":"tag-germany","18":"tag-kombibad","19":"tag-sachsen","20":"tag-weissig","21":"tag-weixdorf"},"share_on_mastodon":{"url":"https:\/\/pubeurope.com\/@de\/114509206244054942","error":""},"_links":{"self":[{"href":"https:\/\/www.europesays.com\/de\/wp-json\/wp\/v2\/posts\/111319","targetHints":{"allow":["GET"]}}],"collection":[{"href":"https:\/\/www.europesays.com\/de\/wp-json\/wp\/v2\/posts"}],"about":[{"href":"https:\/\/www.europesays.com\/de\/wp-json\/wp\/v2\/types\/post"}],"author":[{"embeddable":true,"href":"https:\/\/www.europesays.com\/de\/wp-json\/wp\/v2\/users\/2"}],"replies":[{"embeddable":true,"href":"https:\/\/www.europesays.com\/de\/wp-json\/wp\/v2\/comments?post=111319"}],"version-history":[{"count":0,"href":"https:\/\/www.europesays.com\/de\/wp-json\/wp\/v2\/posts\/111319\/revisions"}],"wp:featuredmedia":[{"embeddable":true,"href":"https:\/\/www.europesays.com\/de\/wp-json\/wp\/v2\/media\/111320"}],"wp:attachment":[{"href":"https:\/\/www.europesays.com\/de\/wp-json\/wp\/v2\/media?parent=111319"}],"wp:term":[{"taxonomy":"category","embeddable":true,"href":"https:\/\/www.europesays.com\/de\/wp-json\/wp\/v2\/categories?post=111319"},{"taxonomy":"post_tag","embeddable":true,"href":"https:\/\/www.europesays.com\/de\/wp-json\/wp\/v2\/tags?post=111319"}],"curies":[{"name":"wp","href":"https:\/\/api.w.org\/{rel}","templated":true}]}}