{"id":1113246,"date":"2026-06-22T12:14:17","date_gmt":"2026-06-22T12:14:17","guid":{"rendered":"https:\/\/www.europesays.com\/de\/1113246\/"},"modified":"2026-06-22T12:14:17","modified_gmt":"2026-06-22T12:14:17","slug":"mannheim-auffahrunfall-infolge-alkoholeinflusses","status":"publish","type":"post","link":"https:\/\/www.europesays.com\/de\/1113246\/","title":{"rendered":"Mannheim &#8211; Auffahrunfall infolge Alkoholeinflusses"},"content":{"rendered":"<p>Mannheim\/Metropolregion Rhein-Neckar. Einen Verkehrsunfall verursachte am Samstagnachmittag eine 69-j\u00e4hrige Frau und stand dabei erheblich unter dem Einfluss alkoholischer Getr\u00e4nke. Die Frau war kurz nach 16 Uhr mit ihrem BMW auf der Luzenbergstra\u00dfe stadteinw\u00e4rts unterwegs. An der Ampel in H\u00f6he der Akazienstra\u00dfe musste sie verkehrsbedingt anhalten. Vor ihr stand eine 57-j\u00e4hrige Frau mit ihrem VW ebenfalls an der roten Ampel. Nach mehreren Sekunden gab die 69-J\u00e4hrige unvermittelt Gas und fuhr der vor ihr nach wie vor wartenden 57-J\u00e4hrigen auf. Die Beifahrerin im VW erlitt leichte Verletzungen im Nackenbereich und begab sich selbst\u00e4ndig in medizinische Betreuung. Bei der Unfallaufnahme bemerkten die Beamten sofort starken Alkoholgeruch im Atem der 69-J\u00e4hrigen. Zudem machte sie einen ungepflegten Eindruck und machte zusammenhanglose \u00c4u\u00dferungen. Ein Alkoholtest ergab einen Wert von fast 2 Promille. Ihr wurde eine Blutprobe entnommen. Das Polizeirevier Mannheim-Neckarstadt ermittelt nun wegen des Verkehrsunfalls, Stra\u00dfenverkehrsgef\u00e4hrdung und fahrl\u00e4ssiger K\u00f6rperverletzung gegen die 64-J\u00e4hrige. Ihr F\u00fchrerschein wurde einbehalten.<\/p>\n<p>Quelle<br \/>Polizeipr\u00e4sidium Mannheim<\/p>\n<p class=\"post-modified-info\">Zuletzt aktualisiert am 22. Juni 2026, 13:52<\/p>\n","protected":false},"excerpt":{"rendered":"Mannheim\/Metropolregion Rhein-Neckar. Einen Verkehrsunfall verursachte am Samstagnachmittag eine 69-j\u00e4hrige Frau und stand dabei erheblich unter dem Einfluss alkoholischer&hellip;\n","protected":false},"author":2,"featured_media":609818,"comment_status":"","ping_status":"","sticky":false,"template":"","format":"standard","meta":{"footnotes":"","_share_on_mastodon":"0"},"categories":[1845],"tags":[14589,1634,10533,374,3364,29,548,663,3934,35,30,13,682,2096,25488,25489,14,14480,66418,15,11413,149263,30255,8037,5206,28951,12,3260,603],"class_list":["post-1113246","post","type-post","status-publish","format-standard","has-post-thumbnail","category-mannheim","tag-14589","tag-baden-wuerttemberg","tag-blutprobe","tag-bmw","tag-de","tag-deutschland","tag-eu","tag-europa","tag-europe","tag-fuehrerschein","tag-germany","tag-headlines","tag-koerperverletzung","tag-mannheim","tag-metropolregion","tag-metropolregion-rhein-neckar","tag-nachrichten","tag-neckar","tag-neckarstadt","tag-news","tag-polizeipraesidium","tag-polizeipraesidium-mannheim","tag-polizeirevier","tag-promille","tag-rhein","tag-rhein-neckar","tag-schlagzeilen","tag-verkehrsunfall","tag-vw"],"share_on_mastodon":{"url":"https:\/\/pubeurope.com\/@de\/116793708862806269","error":""},"_links":{"self":[{"href":"https:\/\/www.europesays.com\/de\/wp-json\/wp\/v2\/posts\/1113246","targetHints":{"allow":["GET"]}}],"collection":[{"href":"https:\/\/www.europesays.com\/de\/wp-json\/wp\/v2\/posts"}],"about":[{"href":"https:\/\/www.europesays.com\/de\/wp-json\/wp\/v2\/types\/post"}],"author":[{"embeddable":true,"href":"https:\/\/www.europesays.com\/de\/wp-json\/wp\/v2\/users\/2"}],"replies":[{"embeddable":true,"href":"https:\/\/www.europesays.com\/de\/wp-json\/wp\/v2\/comments?post=1113246"}],"version-history":[{"count":0,"href":"https:\/\/www.europesays.com\/de\/wp-json\/wp\/v2\/posts\/1113246\/revisions"}],"wp:featuredmedia":[{"embeddable":true,"href":"https:\/\/www.europesays.com\/de\/wp-json\/wp\/v2\/media\/609818"}],"wp:attachment":[{"href":"https:\/\/www.europesays.com\/de\/wp-json\/wp\/v2\/media?parent=1113246"}],"wp:term":[{"taxonomy":"category","embeddable":true,"href":"https:\/\/www.europesays.com\/de\/wp-json\/wp\/v2\/categories?post=1113246"},{"taxonomy":"post_tag","embeddable":true,"href":"https:\/\/www.europesays.com\/de\/wp-json\/wp\/v2\/tags?post=1113246"}],"curies":[{"name":"wp","href":"https:\/\/api.w.org\/{rel}","templated":true}]}}