{"id":1113370,"date":"2026-06-22T13:25:18","date_gmt":"2026-06-22T13:25:18","guid":{"rendered":"https:\/\/www.europesays.com\/de\/1113370\/"},"modified":"2026-06-22T13:25:18","modified_gmt":"2026-06-22T13:25:18","slug":"castrop-rauxel-angela-17-unter-mordverdacht-in-litauen-festgenommen-regional","status":"publish","type":"post","link":"https:\/\/www.europesays.com\/de\/1113370\/","title":{"rendered":"Castrop-Rauxel: Angela (17) unter Mordverdacht in Litauen festgenommen | Regional"},"content":{"rendered":"<p><a class=\"skip-content skip-content--link\" href=\"#in-content-skip-link-target-v-0-0\">TTS-Player \u00fcberspringen\u21b5<\/a><a id=\"in-content-skip-link-target-v-0-0\" class=\"skip-content--target-link-hidden skip-content skip-content--target-link\" href=\"#in-content-skip-link-target-v-0-0\">Artikel weiterlesen<\/a><\/p>\n<p>Dortmund \/ Recklinghausen \u2013 <b>F\u00fcnf Monate war sie auf der Flucht. Jetzt haben Zielfahnder die mordverd\u00e4chtige Angela (17) aus Castrop-Rauxel festgenommen!<\/b><\/p>\n<p>Die junge Frau ist dringend verd\u00e4chtig, am 14. Januar <a href=\"https:\/\/www.bild.de\/regional\/dortmund\/jugendlicher-erstochen-17-jaehrige-seit-vier-monaten-als-moerderin-gejagt-6a2bd0fe6bb5c7fe2e1c32b0\" class=\"text-link\" rel=\"nofollow noopener\" target=\"_blank\">ihren Bekannten Onur (\u202017) heimt\u00fcckisch erstochen zu haben<\/a>. Angela kam zun\u00e4chst frei, da sie den Ermittlern eine L\u00fcge auftischte \u2013 sie warf dem Opfer vor, es habe sie sexuell bedr\u00e4ngt. Doch die Kommissare widerlegten ihre Version. <\/p>\n<p>Handy lieferte die Beweise<\/p>\n<p>Wichtigstes Beweismittel war das beschlagnahmte <a href=\"https:\/\/www.bild.de\/themen\/themen-uebersicht\/handy-und-telefon\/handy-und-mobiltelefone-vertrag-tarife-smartphone-36043306.bild.html\" class=\"text-link\" rel=\"nofollow noopener\" target=\"_blank\">Handy<\/a>. IT-Experten gelang es, <a href=\"https:\/\/www.bild.de\/regional\/ruhrgebiet\/maedchen-unter-mordverdacht-angela-17-ist-ohne-handy-auf-der-flucht-6985de6a1ec9885e0fe66062\" class=\"text-link\" rel=\"nofollow noopener\" target=\"_blank\">belastende Nachrichten zu rekonstruieren<\/a>. Eine Polizeisprecherin: \u201eDadurch ergaben sich konkrete Hinweise darauf, dass die Tatverd\u00e4chtige den Verstorbenen geplant, ohne rechtfertigenden Grund und heimt\u00fcckisch mit einem Messer get\u00f6tet hat.\u201c Als die Mordkommission mit Haftbefehl vor dem Elternhaus stand, war Angela verschwunden. <\/p>\n<p><img decoding=\"async\" width=\"992\" height=\"558\" alt=\"Onur (\u202017) war \u00fcberaus beliebt, liebte Autos. BILD zeigt sein Foto mit Einverst\u00e4ndnis seiner Familie\" loading=\"lazy\" src=\"https:\/\/www.europesays.com\/de\/wp-content\/uploads\/2026\/06\/456b58f677c996f40bbb66fa5929fd2e,5b1b3ee6.jpeg\"   class=\"landscape\"\/><\/p>\n<p class=\"fig__caption__text\">Onur (\u202017) war \u00fcberaus beliebt, liebte Autos. BILD zeigt sein Foto mit Einverst\u00e4ndnis seiner Familie<\/p>\n<p>Foto: Privat<\/p>\n<p>Familie des Opfers bot 20.000 Euro f\u00fcr Hinweise<\/p>\n<p>Seit dem 23. Januar wurde die Sch\u00fclerin \u00fcberall gesucht. Die Staatsanwaltschaft <a href=\"https:\/\/www.bild.de\/regional\/dortmund\/home-tEfE9FBcspDqbA9qV8Aj\" class=\"text-link\" rel=\"nofollow noopener\" target=\"_blank\">Dortmund<\/a> hatte \u00f6ffentlich mit Fotos von Angela gefahndet, die Bev\u00f6lkerung um Hinweise gebeten. Doch die junge Frau war wie vom Erdboden verschluckt. Schlie\u00dflich lobte die Familie des Opfers eine Belohnung von 20.000 Euro aus. <\/p>\n<p><img decoding=\"async\" width=\"992\" height=\"558\" alt=\"Ermittler der Kripo suchten bis in die Nacht nach Spuren am Tatort\" loading=\"lazy\" src=\"https:\/\/www.europesays.com\/de\/wp-content\/uploads\/2026\/06\/e54ea6995edf9853d22143d3ef0fbdb6,e4730ea4.jpeg\"   class=\"landscape\"\/><\/p>\n<p class=\"fig__caption__text\">Ermittler der Kripo suchten bis in die Nacht nach Spuren am Tatort<\/p>\n<p>Foto: TV7news<\/p>\n<p>M\u00f6glicherweise f\u00fchrte das am Ende zum Erfolg: Anwalt Burkhard Benecken, der die Mutter von Onur vertritt, zu BILD: \u201eEine Frau hatte uns danach den Hinweis gegeben, dass sich Angela in Litauen aufh\u00e4lt. Wir haben das nat\u00fcrlich sofort an die Ermittlungsbeh\u00f6rde weitergegeben.\u201c Als die Eltern von Onur von der Festnahme erfuhren, seien sie in Tr\u00e4nen ausgebrochen. \u201eSie hatten die Hoffnung fast verloren, dass Angela gefunden wird. Jetzt hoffen sie, dass die Verd\u00e4chtige in einem Prozess alle offenen Fragen beantwortet. Den Angeh\u00f6rigen ist wichtig, dass das L\u00fcgenm\u00e4rchen von der versuchten Vergewaltigung endlich aus der Welt verschwindet. Onur hat alle Menschen respektvoll behandelt und hat Gewalt gegen\u00fcber Frauen gehasst.\u201c<\/p>\n<p>LKA-Fahnder fanden Angela in Litauen<\/p>\n<p>Am Freitag die Festnahme. Eine Polizeisprecherin: \u201eDie Zielfahndung des Landeskriminalamtes NRW war hartn\u00e4ckig, konnte die Gesuchte in Litauen ausfindig machen und in enger Zusammenarbeit mit dem Bundeskriminalamt und den litauischen Beh\u00f6rden festnehmen.\u201c Angela wird jetzt in Litauen aufgrund eines europ\u00e4ischen Haftbefehls festgehalten. Sollte sie zustimmen, kann sie bald nach Deutschland gebracht werden. Andernfalls m\u00fcsste die Generalstaatsanwaltschaft in Litauen \u00fcber die Auslieferung entscheiden.<\/p>\n","protected":false},"excerpt":{"rendered":"TTS-Player \u00fcberspringen\u21b5Artikel weiterlesen Dortmund \/ Recklinghausen \u2013 F\u00fcnf Monate war sie auf der Flucht. Jetzt haben Zielfahnder die&hellip;\n","protected":false},"author":2,"featured_media":1113371,"comment_status":"","ping_status":"","sticky":false,"template":"","format":"standard","meta":{"footnotes":"","_share_on_mastodon":"0"},"categories":[2],"tags":[76645,29,217,122,123,30,13,1981,14,15,121,12,10,8,9,11,1348],"class_list":["post-1113370","post","type-post","status-publish","format-standard","has-post-thumbnail","category-deutschland","tag-castrop-rauxel","tag-deutschland","tag-dortmund","tag-fahndungen","tag-fahndungsfoto","tag-germany","tag-headlines","tag-messer","tag-nachrichten","tag-news","tag-polizei","tag-schlagzeilen","tag-top-news","tag-top-meldungen","tag-topmeldungen","tag-topnews","tag-wegener-andreas"],"share_on_mastodon":{"url":"https:\/\/pubeurope.com\/@de\/116793987869105462","error":""},"_links":{"self":[{"href":"https:\/\/www.europesays.com\/de\/wp-json\/wp\/v2\/posts\/1113370","targetHints":{"allow":["GET"]}}],"collection":[{"href":"https:\/\/www.europesays.com\/de\/wp-json\/wp\/v2\/posts"}],"about":[{"href":"https:\/\/www.europesays.com\/de\/wp-json\/wp\/v2\/types\/post"}],"author":[{"embeddable":true,"href":"https:\/\/www.europesays.com\/de\/wp-json\/wp\/v2\/users\/2"}],"replies":[{"embeddable":true,"href":"https:\/\/www.europesays.com\/de\/wp-json\/wp\/v2\/comments?post=1113370"}],"version-history":[{"count":0,"href":"https:\/\/www.europesays.com\/de\/wp-json\/wp\/v2\/posts\/1113370\/revisions"}],"wp:featuredmedia":[{"embeddable":true,"href":"https:\/\/www.europesays.com\/de\/wp-json\/wp\/v2\/media\/1113371"}],"wp:attachment":[{"href":"https:\/\/www.europesays.com\/de\/wp-json\/wp\/v2\/media?parent=1113370"}],"wp:term":[{"taxonomy":"category","embeddable":true,"href":"https:\/\/www.europesays.com\/de\/wp-json\/wp\/v2\/categories?post=1113370"},{"taxonomy":"post_tag","embeddable":true,"href":"https:\/\/www.europesays.com\/de\/wp-json\/wp\/v2\/tags?post=1113370"}],"curies":[{"name":"wp","href":"https:\/\/api.w.org\/{rel}","templated":true}]}}