{"id":111351,"date":"2025-05-15T01:36:12","date_gmt":"2025-05-15T01:36:12","guid":{"rendered":"https:\/\/www.europesays.com\/de\/111351\/"},"modified":"2025-05-15T01:36:12","modified_gmt":"2025-05-15T01:36:12","slug":"hamburg-schleswig-holstein-46-tonnen-kokain-geschmuggelt-prozess-gegen-elf-maenner","status":"publish","type":"post","link":"https:\/\/www.europesays.com\/de\/111351\/","title":{"rendered":"Hamburg &#038; Schleswig-Holstein: 4,6 Tonnen Kokain geschmuggelt? Prozess gegen elf M\u00e4nner"},"content":{"rendered":"<p>                    Hamburg &amp; Schleswig-Holstein<br \/>\n                4,6 Tonnen Kokain geschmuggelt? Prozess gegen elf M\u00e4nner<\/p>\n<p>\t\t\t\t              15.05.2025, 03:33 Uhr<\/p>\n<p><strong>Elf M\u00e4nner sollen sich am Schmuggel von 4,6 Tonnen Kokain \u00fcber den Hamburger Hafen beteiligt haben. Vor dem Landgericht beginnt ein Prozess gegen sie.<\/strong><\/p>\n<p>Hamburg (dpa\/lno) &#8211; Ein Prozess um einen Drogenschmuggel mit ungew\u00f6hnlich gro\u00dfen Dimensionen beginnt heute in Hamburg: Es geht um insgesamt mehr als 4,6 Tonnen Kokain. Elf M\u00e4nner im Alter zwischen 22 und 60 Jahren sind wegen Beteiligung oder Beihilfe angeklagt, wie die Staatsanwaltschaft mitteilte.\u00a0<\/p>\n<p>Im ersten Fall geht es um 2.520 Kilo Kokain, die Mitte Mai vergangenen Jahres in einem Container aus Ecuador nach Hamburg gekommen sein sollen. Die Anklage wirft einem 60-J\u00e4hrigen vor, die Abholung des Containers aus dem Terminal Altenwerder organisiert zu haben. Als Mitarbeiter eines Transportunternehmens habe er daf\u00fcr zwei Lastwagenfahrer losgeschickt, die eingeweiht waren. Weitere unbekannte Mitt\u00e4ter sollen das Rauschgift dann aus dem Container entnommen haben. Wo das Kokain geblieben ist, ist unklar.<\/p>\n<p>Bei zweiter Kokain-Lieferung greift die Polizei ein<\/p>\n<p>Im zweiten Fall sollen die Angeklagten einen Container mit 2.116 Kilo Kokain auf \u00e4hnliche Weise aus dem Terminal in Altenwerder geholt und in eine Lagerhalle im Stadtteil Rothenburgsort gebracht haben. Doch diesmal wurden sie von der Polizei \u00fcberwacht. Als der offiziell nur mit Bananen gef\u00fcllte Container entladen werden sollte, griff das Spezialeinsatzkommando (SEK) zu. Insgesamt zw\u00f6lf Verd\u00e4chtige wurden festgenommen. Das dabei entdeckte Kokain habe einen Stra\u00dfenverkaufswert von rund 100 Millionen Euro gehabt, teilte Innensenator Andy Grote (SPD) damals mit.\u00a0<\/p>\n<p>Sechs der insgesamt elf Angeklagten sind den Angaben zufolge vorbestraft. Die M\u00e4nner werden nach Angaben der Gerichtspressestelle von jeweils zwei Anw\u00e4lten vertreten. Die Gro\u00dfe Strafkammer hat 36 Verhandlungstermine bis zum 25. November angesetzt.<\/p>\n","protected":false},"excerpt":{"rendered":"Hamburg &amp; Schleswig-Holstein 4,6 Tonnen Kokain geschmuggelt? Prozess gegen elf M\u00e4nner 15.05.2025, 03:33 Uhr Elf M\u00e4nner sollen sich&hellip;\n","protected":false},"author":2,"featured_media":111352,"comment_status":"","ping_status":"","sticky":false,"template":"","format":"standard","meta":{"footnotes":""},"categories":[1826],"tags":[29,30,692,1346,5402,1269,1971,30225],"class_list":{"0":"post-111351","1":"post","2":"type-post","3":"status-publish","4":"format-standard","5":"has-post-thumbnail","7":"category-hamburg","8":"tag-deutschland","9":"tag-germany","10":"tag-hamburg","11":"tag-kokain","12":"tag-maenner","13":"tag-prozess","14":"tag-schleswig-holstein","15":"tag-tonnen"},"share_on_mastodon":{"url":"https:\/\/pubeurope.com\/@de\/114509288818240704","error":""},"_links":{"self":[{"href":"https:\/\/www.europesays.com\/de\/wp-json\/wp\/v2\/posts\/111351","targetHints":{"allow":["GET"]}}],"collection":[{"href":"https:\/\/www.europesays.com\/de\/wp-json\/wp\/v2\/posts"}],"about":[{"href":"https:\/\/www.europesays.com\/de\/wp-json\/wp\/v2\/types\/post"}],"author":[{"embeddable":true,"href":"https:\/\/www.europesays.com\/de\/wp-json\/wp\/v2\/users\/2"}],"replies":[{"embeddable":true,"href":"https:\/\/www.europesays.com\/de\/wp-json\/wp\/v2\/comments?post=111351"}],"version-history":[{"count":0,"href":"https:\/\/www.europesays.com\/de\/wp-json\/wp\/v2\/posts\/111351\/revisions"}],"wp:featuredmedia":[{"embeddable":true,"href":"https:\/\/www.europesays.com\/de\/wp-json\/wp\/v2\/media\/111352"}],"wp:attachment":[{"href":"https:\/\/www.europesays.com\/de\/wp-json\/wp\/v2\/media?parent=111351"}],"wp:term":[{"taxonomy":"category","embeddable":true,"href":"https:\/\/www.europesays.com\/de\/wp-json\/wp\/v2\/categories?post=111351"},{"taxonomy":"post_tag","embeddable":true,"href":"https:\/\/www.europesays.com\/de\/wp-json\/wp\/v2\/tags?post=111351"}],"curies":[{"name":"wp","href":"https:\/\/api.w.org\/{rel}","templated":true}]}}