{"id":111359,"date":"2025-05-15T01:40:19","date_gmt":"2025-05-15T01:40:19","guid":{"rendered":"https:\/\/www.europesays.com\/de\/111359\/"},"modified":"2025-05-15T01:40:19","modified_gmt":"2025-05-15T01:40:19","slug":"wir-brauchen-dringend-einen-kulturwandel-in-der-verwaltung","status":"publish","type":"post","link":"https:\/\/www.europesays.com\/de\/111359\/","title":{"rendered":"\u201eWir brauchen dringend einen Kulturwandel in der Verwaltung\u201c"},"content":{"rendered":"<p class=\"tspAUhl tspAUhm\">Wenige Wochen vor der geplanten <a href=\"https:\/\/www.tagesspiegel.de\/berlin\/wegner-berlin-schreibt-heute-zukunft-berliner-senat-beschliesst-entwurf-zur-verwaltungsreform-13467505.html?icid=in-text-link_13691959\" class=\"link link--internal\" data-gtm-class=\"article-text-link\" data-gtm-val=\"internal\" target=\"_blank\" rel=\"noopener\">Verabschiedung der Verwaltungsreform<\/a> durch das Berliner Abgeordnetenhaus hat die verantwortliche Staatssekret\u00e4rin Martina Klement (CSU) die Erwartungen ged\u00e4mpft. \u201eWir brauchen dringend einen Kulturwandel in der Verwaltung\u201c, erkl\u00e4rte sie am Mittwoch im Zuge einer Anh\u00f6rung des Hauptausschusses zu dem Reformpaket und machte diesen zur Gelingensbedingung f\u00fcr das Vorhaben. <\/p>\n<p><a href=\"https:\/\/abo.tagesspiegel.de\/tagesspiegel-app?icid=single-topic_13691959___\" data-gtm-class=\"article-mzt-link\" class=\"tspCCmu\" target=\"_blank\" rel=\"noopener\">Die Tagesspiegel-App Aktuelle Nachrichten, Hintergr\u00fcnde und Analysen direkt auf Ihr Smartphone. Dazu die digitale Zeitung. Hier gratis herunterladen.  <\/a><\/p>\n<p class=\"tspAUhl\">\u201eWir brauchen eine Verwaltung, die sehr viel st\u00e4rker auf die Belange der B\u00fcrgerinnen und B\u00fcrger sowie der Wirtschaft ausgerichtet ist, die sehr viel wirkungsorientierter arbeitet, die eine positive Fehlerkultur hat und eine lernende Verwaltung ist\u201c, erkl\u00e4rte die Staatssekret\u00e4rin f\u00fcr Digitalisierung und Verwaltungsmodernisierung. Nur wenn die Berliner Verwaltung insgesamt effizienter arbeite, k\u00f6nne die Reform Wirkung entfalten, erg\u00e4nzte die 44-J\u00e4hrige, die f\u00fcr ihr Management des Reformprozesses partei\u00fcbergreifend gelobt wird. <\/p>\n<p class=\"tspAUhl\">Daniela Ortmann, als Chefin des Hauptpersonalrats der Berliner Verwaltung eine der drei Anzuh\u00f6renden, pflichtete Klement bei. Aktuell herrsche zwischen den Dienststellen und den Ebenen eine \u201eKultur des Misstrauens\u201c vor, die das inzwischen ber\u00fcchtigte Beh\u00f6rden-Pingpong bef\u00f6rdere. Vor diesem Hintergrund sei die absehbare Verabschiedung der Reform deren Startschuss und nicht das Ende. <\/p>\n<blockquote class=\"tspBKj5\">\n<p>Wir sind kurz vorm Ziel.<\/p>\n<\/blockquote>\n<p class=\"tspBKj6\"><strong>Kai Wegner (CDU), <\/strong>Berlins Regierender B\u00fcrgermeister, \u00fcber die Verwaltungsreform<\/p>\n<p class=\"tspAUhl\">Bisher seien es die Mitarbeitenden gewohnt, \u201ein Abgrenzung zu arbeiten\u201c, erkl\u00e4rte Ortmann weiter und kritisierte eine \u201eausgepr\u00e4gte Hierarchie zwischen Senat und Bezirken sowie nachgeordneten Beh\u00f6rden\u201c. Damit die Reform ein Erfolg werde, \u201emuss das Personal lernen, offen zu agieren\u201c, mahnte sie. Die Implementierung der Reform sei neben der politischen Aushandlung die zweite gro\u00dfe Herausforderung, erkl\u00e4rte Ortmann.<\/p>\n<p class=\"tspTef\">Empfohlener redaktioneller Inhalt<\/p>\n<p> An dieser Stelle finden Sie einen von unseren Redakteuren ausgew\u00e4hlten, externen Inhalt, der den Artikel f\u00fcr Sie mit zus\u00e4tzlichen Informationen anreichert. Sie k\u00f6nnen sich hier den externen Inhalt mit einem Klick anzeigen lassen oder wieder ausblenden. <\/p>\n<p> Externen Inhalt anzeigen <\/p>\n<p class=\"tspTel\"> Ich bin damit einverstanden, dass mir der externe Inhalt angezeigt wird. Damit k\u00f6nnen personenbezogene Daten an Drittplattformen \u00fcbermittelt werden.  Mehr Informationen dazu erhalten Sie in den Datenschutz-Einstellungen. Diese finden Sie ganz unten auf unserer Seite im Footer, sodass Sie Ihre Einstellungen jederzeit verwalten oder widerrufen k\u00f6nnen. <\/p>\n<p class=\"tspAUhl\">Zuvor hatte sich Berlins Regierender B\u00fcrgermeister Kai Wegner (CDU) optimistisch gezeigt, die Reform wie geplant noch vor der Sommerpause beschlie\u00dfen zu k\u00f6nnen. \u201eWir sind kurz vorm Ziel\u201c, erkl\u00e4rte Wegner, nannte die Reform erneut eine \u201ehistorische Chance f\u00fcr Berlin\u201c und bedankte sich bei allen Beteiligten \u2013 darunter auch die oppositionellen Gr\u00fcnen und Linken. Deren konstruktive Mitarbeit sei ebenso wenig selbstverst\u00e4ndlich wie die der Bezirke, betonte Wegner. &#13;<\/p>\n<p class=\"tspAUhl\">F\u00fcr \u201eVerbesserungsvorschl\u00e4ge\u201c der Parlamentarier zum Senatsbeschluss, <a href=\"https:\/\/www.tagesspiegel.de\/berlin\/noch-einige-zentrale-fragen-zu-klaren-spd-fraktion-sieht-anderungsbedarf-bei-berliner-verwaltungsreform-13523203.html?icid=in-text-link_13691959\" class=\"link link--internal\" data-gtm-class=\"article-text-link\" data-gtm-val=\"internal\" target=\"_blank\" rel=\"noopener\">etwa hinsichtlich der umstrittenen Einigungsstelle<\/a>, zeigte sich Wegner \u201esehr sehr offen\u201c. Auch er r\u00e4umte ein, dass die Umsetzung der Reform Jahre in Anspruch nehmen werde.<\/p>\n<p> Mehr zum Thema <a href=\"https:\/\/www.tagesspiegel.de\/berlin\/kompromiss-zur-einigungsstelle-deutet-sich-an-berliner-verwaltungsreform-soll-vor-der-sommerpause-kommen-13649506.html?icid=topic-list_13691959___\" data-gtm-class=\"article-mzt-link\" class=\"tspCCmu\" target=\"_blank\" rel=\"noopener\">Kompromiss zur Einigungsstelle deutet sich an Berliner Verwaltungsreform soll vor der Sommerpause kommen <\/a><a href=\"https:\/\/www.tagesspiegel.de\/berlin\/noch-einige-zentrale-fragen-zu-klaren-spd-fraktion-sieht-anderungsbedarf-bei-berliner-verwaltungsreform-13523203.html?icid=topic-list_13691959___\" data-gtm-class=\"article-mzt-link\" class=\"tspCCmu\" target=\"_blank\" rel=\"noopener\">Noch \u201eeinige zentrale Fragen\u201c zu kl\u00e4ren SPD-Fraktion sieht \u00c4nderungsbedarf bei Berliner Verwaltungsreform <\/a><a href=\"https:\/\/www.tagesspiegel.de\/berlin\/wegner-berlin-schreibt-heute-zukunft-berliner-senat-beschliesst-entwurf-zur-verwaltungsreform-13467505.html?icid=topic-list_13691959___\" data-gtm-class=\"article-mzt-link\" class=\"tspCCmu\" target=\"_blank\" rel=\"noopener\">Wegner sieht \u201egro\u00dfen Wurf\u201c Berliner Senat beschlie\u00dft Entwurf zur Verwaltungsreform <\/a><\/p>\n<p class=\"tspAUhl\">Aktuell verhandeln CDU, SPD, Gr\u00fcne und Linke letzte \u00c4nderungen am zweiten Senatsbeschluss zur Verwaltungsreform. Die Fraktionen wollen unter anderem erreichen, dass die f\u00fcr Konfliktf\u00e4lle zwischen Senat und Bezirken verantwortliche Einigungsstelle letztinstanzlich entscheiden soll. Letzteres lehnen verschiedene Senatsverwaltungen ab. <a href=\"https:\/\/www.tagesspiegel.de\/berlin\/kompromiss-zur-einigungsstelle-deutet-sich-an-berliner-verwaltungsreform-soll-vor-der-sommerpause-kommen-13649506.html?icid=in-text-link_13691959\" class=\"link link--internal\" data-gtm-class=\"article-text-link\" data-gtm-val=\"internal\" target=\"_blank\" rel=\"noopener\">Zuletzt deutete sich ein Kompromiss an<\/a>, weshalb die Reform inklusive der vorgesehenen Verfassungs\u00e4nderungen tats\u00e4chlich wie geplant noch vor der Sommerpause verabschiedet werden k\u00f6nnte. \u00a0<\/p>\n","protected":false},"excerpt":{"rendered":"Wenige Wochen vor der geplanten Verabschiedung der Verwaltungsreform durch das Berliner Abgeordnetenhaus hat die verantwortliche Staatssekret\u00e4rin Martina Klement&hellip;\n","protected":false},"author":2,"featured_media":111360,"comment_status":"","ping_status":"","sticky":false,"template":"","format":"standard","meta":{"footnotes":""},"categories":[1825],"tags":[296,31,29,30,2384,2382,2383],"class_list":{"0":"post-111359","1":"post","2":"type-post","3":"status-publish","4":"format-standard","5":"has-post-thumbnail","7":"category-berlin","8":"tag-berlin","9":"tag-cdu","10":"tag-deutschland","11":"tag-germany","12":"tag-kai-wegner","13":"tag-senat","14":"tag-verwaltungsreform"},"share_on_mastodon":{"url":"https:\/\/pubeurope.com\/@de\/114509304607879875","error":""},"_links":{"self":[{"href":"https:\/\/www.europesays.com\/de\/wp-json\/wp\/v2\/posts\/111359","targetHints":{"allow":["GET"]}}],"collection":[{"href":"https:\/\/www.europesays.com\/de\/wp-json\/wp\/v2\/posts"}],"about":[{"href":"https:\/\/www.europesays.com\/de\/wp-json\/wp\/v2\/types\/post"}],"author":[{"embeddable":true,"href":"https:\/\/www.europesays.com\/de\/wp-json\/wp\/v2\/users\/2"}],"replies":[{"embeddable":true,"href":"https:\/\/www.europesays.com\/de\/wp-json\/wp\/v2\/comments?post=111359"}],"version-history":[{"count":0,"href":"https:\/\/www.europesays.com\/de\/wp-json\/wp\/v2\/posts\/111359\/revisions"}],"wp:featuredmedia":[{"embeddable":true,"href":"https:\/\/www.europesays.com\/de\/wp-json\/wp\/v2\/media\/111360"}],"wp:attachment":[{"href":"https:\/\/www.europesays.com\/de\/wp-json\/wp\/v2\/media?parent=111359"}],"wp:term":[{"taxonomy":"category","embeddable":true,"href":"https:\/\/www.europesays.com\/de\/wp-json\/wp\/v2\/categories?post=111359"},{"taxonomy":"post_tag","embeddable":true,"href":"https:\/\/www.europesays.com\/de\/wp-json\/wp\/v2\/tags?post=111359"}],"curies":[{"name":"wp","href":"https:\/\/api.w.org\/{rel}","templated":true}]}}