{"id":1113590,"date":"2026-06-22T15:26:28","date_gmt":"2026-06-22T15:26:28","guid":{"rendered":"https:\/\/www.europesays.com\/de\/1113590\/"},"modified":"2026-06-22T15:26:28","modified_gmt":"2026-06-22T15:26:28","slug":"s-bahn-hannover-bauarbeiten-sorgen-fuer-weitere-einschraenkungen","status":"publish","type":"post","link":"https:\/\/www.europesays.com\/de\/1113590\/","title":{"rendered":"S-Bahn-Hannover: Bauarbeiten sorgen f\u00fcr weitere Einschr\u00e4nkungen"},"content":{"rendered":"<p>        <img decoding=\"async\" src=\"https:\/\/www.europesays.com\/de\/wp-content\/uploads\/2026\/06\/sbahn1000.webp\" alt=\"Eine S-Bahn f\u00e4hrt auf freier Strecke.\" title=\"Eine S-Bahn f\u00e4hrt auf freier Strecke. | Filmbildfabrik\/Shotshop\/picture alliance\" class=\"responsive\"\/><\/p>\n<p>\n                Stand: 22.06.2026 16:44 Uhr<\/p>\n<p class=\"preface\">Bahnreisende m\u00fcssen im S-Bahn-Verkehr in der Region Hannover mehr Zeit einplanen: Bis Anfang Juli fahren drei Linien eingeschr\u00e4nkt. Das hat auch Folgen f\u00fcr Reisende auf der Strecke Hannover-Hamburg.<\/p>\n<p class=\"\">Ursache f\u00fcr die weiteren Einschr\u00e4nkungen ist eine Gleissperrung wegen Bauarbeiten am Bahnsteig in Ehlershausen (Region Hannover). In der Folge fahren die S-Bahn-Linien S6, S7 und S61 von Montag, 22. Juni, f\u00fcr zwei Wochen nur noch eingeschr\u00e4nkt oder teilweise gar nicht. Konkret hei\u00dft das auf der Strecke zwischen Celle und Hannover bis zum 5. Juli 2026:<\/p>\n<ul>\n<li>Die Linie S61 entf\u00e4llt im gesamten Zeitraum.<\/li>\n<li>Die Linie S7 verkehrt bis 22 Uhr nur zwischen Lehrte und Hannover.<\/li>\n<li>Ab 22 Uhr sowie im Nachtsternverkehr (NSV) f\u00e4hrt die S7 wieder wie gewohnt zwischen Celle und Hannover.<\/li>\n<li>Zwischen Celle und Lehrte wird als Ersatz die Linie S77 eingesetzt. Sie h\u00e4lt an allen Unterwegsbahnh\u00f6fen und bietet Anschl\u00fcsse an den Regionalexpress (RE) sowie an die Linie S3 in Lehrte.<\/li>\n<li>Die Linie S6 h\u00e4lt in beiden Richtungen nicht in Ehlershausen und Otze. Es komme zu leichten zeitlichen Verschiebungen im Fahrplan auf der gesamten Strecke, so die Bahn. Die genauen Fahrplan\u00e4nderungen finden Pendler auf der <a href=\"https:\/\/www.ndr.de\/nachrichten\/niedersachsen\/hannover_weser-leinegebiet\/textlink-314280~splash.html\" title=\"Link: Einschr\u00e4nkungen im S-Bahn-Verkehr\" data-url=\"https:\/\/www.sbahn-hannover.de\/de\/neuigkeiten\/einschraenkungen-auf-den-s-bahnlinien-s6-s7-und-s61-vom-21-bis-einschliesslich-25-mai\" class=\"extlink-preface\" data-type=\"external\" rel=\"nofollow noopener\" target=\"_blank\">Webseite<\/a> der S-Bahn Hannover.<\/li>\n<\/ul>\n<p>    LNVG: Neue Ma\u00dfnahme trifft Ersatzverkehr<\/p>\n<p class=\"\">Die Nieders\u00e4chsische Landesnahverkehrsgesellschaft (LNVG) kritisiert die Einschr\u00e4nkungen. Wegen der <a href=\"https:\/\/www.ndr.de\/nachrichten\/niedersachsen\/lueneburg_heide_unterelbe\/sperrung-hamburg-hannover-bahn-stellt-plaene-fuer-sanierung-vor,bahnsanierung-118.html\" title=\"Sperrung Hamburg-Hannover: Bahn stellt Pl\u00e4ne f\u00fcr Sanierung vor\" rel=\"nofollow noopener\" target=\"_blank\">Gro\u00dfbaustelle Hannover-Hamburg<\/a> sei auf der betroffenen Strecke schon Ersatzverkehr unterwegs, dieser werde durch die jetzt geplante Baustelle noch weiter verschlechtert, hie\u00df es. Zudem sei es bedauerlich, dass die DB InfraGO den Fahrg\u00e4sten eine weitere Baustelle zumute. Von der Deutschen Bahn hie\u00df es dazu, dass die Bauarbeiten in Ehlershausen erst kurzfristig bekannt geworden seien. Zu dem Zeitpunkt seien die <a href=\"https:\/\/www.ndr.de\/nachrichten\/niedersachsen\/streckensperrung-hannover-hamburg-zeit-fuer-eine-halbzeitbilanz,streckensperrung-146.html\" title=\"Streckensperrung Hannover-Hamburg: Zeit f\u00fcr eine Halbzeitbilanz\" rel=\"nofollow noopener\" target=\"_blank\">Ersatzverkehre<\/a> auf der Strecke bereits geplant gewesen, so die Bahn.<\/p>\n<p>        <img decoding=\"async\" src=\"https:\/\/www.europesays.com\/de\/wp-content\/uploads\/2026\/04\/gleise138.webp\" alt=\"ICE-Trasse mit Gleisbett\" title=\"ICE-Trasse mit Gleisbett | NDR, Julius Matuschik\" class=\"responsive\" loading=\"lazy\"\/><\/p>\n<p>Die Strecke zwischen Hamburg und Berlin ist seit Mitte Juni wieder komplett frei. Der Bus-Ersatzverkehr ist beendet. Zwischen Hamburg und Hannover wird noch gebaut.<\/p>\n<p>        <img decoding=\"async\" src=\"https:\/\/www.europesays.com\/de\/wp-content\/uploads\/2026\/04\/1777532005_258_bahngleise-110.webp\" alt=\"Mit schwerer Technik wird auf einem Teilst\u00fcck der Bahnstrecke Hamburg-Berlin die vor Jahrzehnten angelegte feste Fahrbahn aus Beton abgebaut. (Themenbild)\" title=\"Mit schwerer Technik wird auf einem Teilst\u00fcck der Bahnstrecke Hamburg-Berlin die vor Jahrzehnten angelegte feste Fahrbahn aus Beton abgebaut. (Themenbild) | picture alliance\/dpa | Jens B\u00fcttner\" class=\"responsive\" loading=\"lazy\"\/><\/p>\n<p>Am 1. Mai hat die Sanierung begonnen. Die Strecke ist teilweise gesperrt. Der Fernverkehr wird bis 10. Juli umgeleitet.<\/p>\n<p>        <img decoding=\"async\" src=\"https:\/\/www.europesays.com\/de\/wp-content\/uploads\/2026\/06\/1781376995_381_linamelis-102.webp\" alt=\"Lina Melis steht am L\u00fcneburger Bahnhof am Bahnsteig.\" title=\"Lina Melis steht am L\u00fcneburger Bahnhof am Bahnsteig. | NDR, Alicia Sprey\" class=\"responsive\" loading=\"lazy\"\/><\/p>\n<p>Die Sanierung der Bahnstrecke belastet Reisende wie Lina Melis sehr. Entspannung ist aber wohl erst ab Juli in Sicht.<\/p>\n","protected":false},"excerpt":{"rendered":"Stand: 22.06.2026 16:44 Uhr Bahnreisende m\u00fcssen im S-Bahn-Verkehr in der Region Hannover mehr Zeit einplanen: Bis Anfang Juli&hellip;\n","protected":false},"author":2,"featured_media":1113591,"comment_status":"","ping_status":"","sticky":false,"template":"","format":"standard","meta":{"footnotes":"","_share_on_mastodon":"0"},"categories":[1836],"tags":[2227,13865,2232,3364,29,13808,30,692,46,1229,1411,1949],"class_list":["post-1113590","post","type-post","status-publish","format-standard","has-post-thumbnail","category-hannover","tag-bahnverkehr","tag-busse","tag-celle","tag-de","tag-deutschland","tag-ersatzverkehr","tag-germany","tag-hamburg","tag-hannover","tag-kritik","tag-niedersachsen","tag-s-bahn"],"share_on_mastodon":{"url":"https:\/\/pubeurope.com\/@de\/116794464233306655","error":""},"_links":{"self":[{"href":"https:\/\/www.europesays.com\/de\/wp-json\/wp\/v2\/posts\/1113590","targetHints":{"allow":["GET"]}}],"collection":[{"href":"https:\/\/www.europesays.com\/de\/wp-json\/wp\/v2\/posts"}],"about":[{"href":"https:\/\/www.europesays.com\/de\/wp-json\/wp\/v2\/types\/post"}],"author":[{"embeddable":true,"href":"https:\/\/www.europesays.com\/de\/wp-json\/wp\/v2\/users\/2"}],"replies":[{"embeddable":true,"href":"https:\/\/www.europesays.com\/de\/wp-json\/wp\/v2\/comments?post=1113590"}],"version-history":[{"count":0,"href":"https:\/\/www.europesays.com\/de\/wp-json\/wp\/v2\/posts\/1113590\/revisions"}],"wp:featuredmedia":[{"embeddable":true,"href":"https:\/\/www.europesays.com\/de\/wp-json\/wp\/v2\/media\/1113591"}],"wp:attachment":[{"href":"https:\/\/www.europesays.com\/de\/wp-json\/wp\/v2\/media?parent=1113590"}],"wp:term":[{"taxonomy":"category","embeddable":true,"href":"https:\/\/www.europesays.com\/de\/wp-json\/wp\/v2\/categories?post=1113590"},{"taxonomy":"post_tag","embeddable":true,"href":"https:\/\/www.europesays.com\/de\/wp-json\/wp\/v2\/tags?post=1113590"}],"curies":[{"name":"wp","href":"https:\/\/api.w.org\/{rel}","templated":true}]}}