{"id":1113594,"date":"2026-06-22T15:28:29","date_gmt":"2026-06-22T15:28:29","guid":{"rendered":"https:\/\/www.europesays.com\/de\/1113594\/"},"modified":"2026-06-22T15:28:29","modified_gmt":"2026-06-22T15:28:29","slug":"dresdner-kinderpodcast-gewinnt-deutschen-kinder-und-jugendpreis","status":"publish","type":"post","link":"https:\/\/www.europesays.com\/de\/1113594\/","title":{"rendered":"Dresdner Kinderpodcast gewinnt Deutschen Kinder- und Jugendpreis"},"content":{"rendered":"<p>        <img decoding=\"async\" src=\"https:\/\/www.europesays.com\/de\/wp-content\/uploads\/2026\/06\/schueler-kinder-jugend-preis-102.webp\" alt=\"Eine Gruppe von Kindern in einem Saal.\" title=\"Die Kinder des Projekts &quot;Radio 147&quot; aus Dresden bei der Preisverleihung in Rust. | MDR\/Katalin Vales\" class=\"responsive\"\/><\/p>\n<p class=\"topline\">Auszeichnung<\/p>\n<p class=\"author\">von MDR SACHSEN<\/p>\n<p>\n                Stand: 22.06.2026 16:59 Uhr<\/p>\n<p class=\"\">Das Projekt &#8222;Kinderstimmen f\u00fcr die Demokratie&#8220; aus Dresden hat beim Deutschen Kinder- und Jugendpreis 2026 zwei Preise gewonnen. Zum einen gewann das Projekt in der Kategorie &#8222;Politisches Engagement&#8220;, zum anderen siegten die &#8222;Kinderstimmen&#8220; auch bei der Abstimmung zum Publikumspreis und d\u00fcrfen sich \u00fcber ein Gesamtpreisgeld von 9.000 Euro freuen.<\/p>\n<p>    Podcast \u00fcber Nationalsozialismus<\/p>\n<p class=\"\">Die Kinder der 147. Grundschule in Dresden-Pieschen hatten f\u00fcr das Schulradio &#8222;Radio 147&#8220; <a href=\"https:\/\/www.mdr.de\/nachrichten\/sachsen\/dresden\/dresden-radebeul\/schueler-kinder-jugend-preis-nominierung-100.html\" title=\"Dresdner Grundsch\u00fcler f\u00fcr Deutschen Kinder- und Jugendpreis nominiert\" rel=\"nofollow noopener\" target=\"_blank\">eine Sendung \u00fcber Nationalsozialismus, Demokratie und gesellschaftliche Verantwortung<\/a> gestaltet. Die Idee dazu entstand nach Diskussionen der Kinder auf dem Schulhof, sagte Mitorganisatorin Sarah Gundel. Gemeinsam mit p\u00e4dagogischen Fachkr\u00e4ften und journalistischer Unterst\u00fctzung h\u00e4tten sich die Kinder dann unter anderem mit der Zeit des Nationalsozialismus und dem Schicksal des j\u00fcdischen M\u00e4dchens Anne Frank besch\u00e4ftigt.<\/p>\n<p>                    <a href=\"https:\/\/www.europesays.com\/de\/wp-content\/uploads\/2026\/06\/schueler-kinder-jugend-preis-104.webp\" class=\"zoomimage\" title=\"Bild vergr\u00f6\u00dfern\"><\/p>\n<p>        <img decoding=\"async\" src=\"https:\/\/www.europesays.com\/de\/wp-content\/uploads\/2026\/06\/schueler-kinder-jugend-preis-104.webp\" alt=\"Kinder bei einer Preisverleihung\" title=\"Banges Warten: Bei der Preisverleihung r\u00e4umten die Kinder aus Dresden am Montag ab. | MDR\/Katalin Vales\" class=\"responsive\" loading=\"lazy\"\/><\/p>\n<p>                    <\/a><\/p>\n<p>                    Banges Warten: Bei der Preisverleihung r\u00e4umten die Kinder aus Dresden am Montag ab.<\/p>\n<p>    Theaterst\u00fcck aus Torgau gewinnt<\/p>\n<p class=\"\">Noch ein weiteres Projekt aus Sachsen wurde am Montag ausgezeichnet: Das Theaterprojekt &#8222;#FORYOU &#8211; Ein Theaterst\u00fcck nach Ideen der Jugend&#8220; aus Torgau gewann in der Kategorie &#8222;Kinder und Jugendkultur&#8220;. Jugendliche im Alter von 12 bis 17 Jahren hatten daf\u00fcr ein St\u00fcck \u00fcber TikTok, Social Media und deren Einfluss auf junge Menschen entwickelt.<\/p>\n<p>    30.000 Euro Preisgeld<\/p>\n<p class=\"\">Weitere Auszeichnungen gingen an Projekte aus Hamburg, Hannover, Obershausen (Hessen) und Wittmund. Insgesamt ist der Preis mit 30.000 Euro dotiert und gilt als h\u00f6chstdotierte bundesweite Auszeichnung f\u00fcr Kinder- und Jugendbeteiligung.<\/p>\n<p class=\"\">Transparenzhinweis: Die Journalistin Katalin Vale\u0161 hat das Projekt &#8222;Radio 147&#8220; redaktionell begleitet. Vale\u0161 arbeitet als freie Journalistin auch f\u00fcr die Onlineredaktion des MDR in Dresden.<\/p>\n<p>        <img decoding=\"async\" src=\"https:\/\/www.europesays.com\/de\/wp-content\/uploads\/2026\/06\/grundschueler-nominiert-106.webp\" alt=\"Sch\u00fcler gestalten Merkzettel. \" title=\"Sch\u00fcler gestalten Merkzettel.  | Outlaw gGmbH\" class=\"responsive\" loading=\"lazy\"\/><\/p>\n<p>        <img decoding=\"async\" src=\"https:\/\/www.europesays.com\/de\/wp-content\/uploads\/2026\/06\/lehrkraeftepreis-lehrer-preis-preistraeger-108.webp\" alt=\"Ein Lehrer steht mit Sch\u00fclern in einem Klassenraum.\" title=\"Ein Lehrer steht mit Sch\u00fclern in einem Klassenraum. | MDR\/Bernd Sch\u00e4dlich\" class=\"responsive\" loading=\"lazy\"\/><\/p>\n<p class=\"\">MDR (ben)<\/p>\n","protected":false},"excerpt":{"rendered":"Auszeichnung von MDR SACHSEN Stand: 22.06.2026 16:59 Uhr Das Projekt &#8222;Kinderstimmen f\u00fcr die Demokratie&#8220; aus Dresden hat beim&hellip;\n","protected":false},"author":2,"featured_media":1113595,"comment_status":"","ping_status":"","sticky":false,"template":"","format":"standard","meta":{"footnotes":"","_share_on_mastodon":"0"},"categories":[1835],"tags":[235525,235524,3364,146,235522,29,235528,2386,85048,30,235521,144933,14,12551,235523,859,235527,235526,27490],"class_list":["post-1113594","post","type-post","status-publish","format-standard","has-post-thumbnail","category-dresden","tag-foryou","tag-147-grundschule","tag-de","tag-demokratie","tag-deutscher-kinder-und-jugendpreis-2026","tag-deutschland","tag-dkhw","tag-dresden","tag-europa-park-rust","tag-germany","tag-kinderpodcast","tag-kinderstimmen","tag-nachrichten","tag-politisches-engagement","tag-radio-147","tag-sachsen","tag-social-media-tiktok","tag-theaterprojekt-jugend","tag-torgau"],"share_on_mastodon":{"url":"https:\/\/pubeurope.com\/@de\/116794471846024941","error":""},"_links":{"self":[{"href":"https:\/\/www.europesays.com\/de\/wp-json\/wp\/v2\/posts\/1113594","targetHints":{"allow":["GET"]}}],"collection":[{"href":"https:\/\/www.europesays.com\/de\/wp-json\/wp\/v2\/posts"}],"about":[{"href":"https:\/\/www.europesays.com\/de\/wp-json\/wp\/v2\/types\/post"}],"author":[{"embeddable":true,"href":"https:\/\/www.europesays.com\/de\/wp-json\/wp\/v2\/users\/2"}],"replies":[{"embeddable":true,"href":"https:\/\/www.europesays.com\/de\/wp-json\/wp\/v2\/comments?post=1113594"}],"version-history":[{"count":0,"href":"https:\/\/www.europesays.com\/de\/wp-json\/wp\/v2\/posts\/1113594\/revisions"}],"wp:featuredmedia":[{"embeddable":true,"href":"https:\/\/www.europesays.com\/de\/wp-json\/wp\/v2\/media\/1113595"}],"wp:attachment":[{"href":"https:\/\/www.europesays.com\/de\/wp-json\/wp\/v2\/media?parent=1113594"}],"wp:term":[{"taxonomy":"category","embeddable":true,"href":"https:\/\/www.europesays.com\/de\/wp-json\/wp\/v2\/categories?post=1113594"},{"taxonomy":"post_tag","embeddable":true,"href":"https:\/\/www.europesays.com\/de\/wp-json\/wp\/v2\/tags?post=1113594"}],"curies":[{"name":"wp","href":"https:\/\/api.w.org\/{rel}","templated":true}]}}