{"id":1113613,"date":"2026-06-22T15:39:15","date_gmt":"2026-06-22T15:39:15","guid":{"rendered":"https:\/\/www.europesays.com\/de\/1113613\/"},"modified":"2026-06-22T15:39:15","modified_gmt":"2026-06-22T15:39:15","slug":"duesseldorf-mutter-getoetet-17-jaehriger-vor-gericht","status":"publish","type":"post","link":"https:\/\/www.europesays.com\/de\/1113613\/","title":{"rendered":"D\u00fcsseldorf: Mutter get\u00f6tet &#8211; 17-J\u00e4hriger vor Gericht"},"content":{"rendered":"<p class=\"text_ohne_einzug richtext text-em-55 !leading-serif mx-6 desktop:mx-0\">Weil er seine Mutter get\u00f6tet haben soll, muss sich ein Jugendlicher ab Donnerstag, 25. Juni, vor dem D\u00fcsseldorfer Landgericht verantworten. Die Anklage lautet auf Totschlag. Laut Staatsanwaltschaft soll der damals 16-J\u00e4hrige seine Mutter am Silvestertag in deren Wohnung in D\u00fcsseldorf-Rath zun\u00e4chst gew\u00fcrgt und dann bewusstlos in eine mit Wasser gef\u00fcllte Badewanne gelegt haben. Zwei Tage sp\u00e4ter verstarb die Frau in einem Krankenhaus.<\/p>\n","protected":false},"excerpt":{"rendered":"Weil er seine Mutter get\u00f6tet haben soll, muss sich ein Jugendlicher ab Donnerstag, 25. Juni, vor dem D\u00fcsseldorfer&hellip;\n","protected":false},"author":2,"featured_media":1113614,"comment_status":"","ping_status":"","sticky":false,"template":"","format":"standard","meta":{"footnotes":"","_share_on_mastodon":"0"},"categories":[1831],"tags":[3364,29,3405,30,854,18355,4264,4266,1209,3880,53851,16476,83685],"class_list":["post-1113613","post","type-post","status-publish","format-standard","has-post-thumbnail","category-duesseldorf","tag-de","tag-deutschland","tag-duesseldorf","tag-germany","tag-gesetz","tag-jugendlichen","tag-kess","tag-marlen","tag-nordrhein-westfalen","tag-oeffentlich","tag-tatzeit","tag-verfahren","tag-vorn"],"share_on_mastodon":{"url":"https:\/\/pubeurope.com\/@de\/116794515365462102","error":""},"_links":{"self":[{"href":"https:\/\/www.europesays.com\/de\/wp-json\/wp\/v2\/posts\/1113613","targetHints":{"allow":["GET"]}}],"collection":[{"href":"https:\/\/www.europesays.com\/de\/wp-json\/wp\/v2\/posts"}],"about":[{"href":"https:\/\/www.europesays.com\/de\/wp-json\/wp\/v2\/types\/post"}],"author":[{"embeddable":true,"href":"https:\/\/www.europesays.com\/de\/wp-json\/wp\/v2\/users\/2"}],"replies":[{"embeddable":true,"href":"https:\/\/www.europesays.com\/de\/wp-json\/wp\/v2\/comments?post=1113613"}],"version-history":[{"count":0,"href":"https:\/\/www.europesays.com\/de\/wp-json\/wp\/v2\/posts\/1113613\/revisions"}],"wp:featuredmedia":[{"embeddable":true,"href":"https:\/\/www.europesays.com\/de\/wp-json\/wp\/v2\/media\/1113614"}],"wp:attachment":[{"href":"https:\/\/www.europesays.com\/de\/wp-json\/wp\/v2\/media?parent=1113613"}],"wp:term":[{"taxonomy":"category","embeddable":true,"href":"https:\/\/www.europesays.com\/de\/wp-json\/wp\/v2\/categories?post=1113613"},{"taxonomy":"post_tag","embeddable":true,"href":"https:\/\/www.europesays.com\/de\/wp-json\/wp\/v2\/tags?post=1113613"}],"curies":[{"name":"wp","href":"https:\/\/api.w.org\/{rel}","templated":true}]}}