{"id":1113617,"date":"2026-06-22T15:41:23","date_gmt":"2026-06-22T15:41:23","guid":{"rendered":"https:\/\/www.europesays.com\/de\/1113617\/"},"modified":"2026-06-22T15:41:23","modified_gmt":"2026-06-22T15:41:23","slug":"wilhelmsplatz-in-stuttgart-jugendliche-attackieren-16-jaehrigen-mit-flasche-mann-wird-verpruegelt","status":"publish","type":"post","link":"https:\/\/www.europesays.com\/de\/1113617\/","title":{"rendered":"Wilhelmsplatz in Stuttgart: Jugendliche attackieren 16-J\u00e4hrigen mit Flasche \u2013 Mann wird verpr\u00fcgelt"},"content":{"rendered":"<p>\t\t\t\t\t\t\t\t\t\t\t\t\t\t\t\t\t\t\t\t\t\t\t\t\t\t\t\t      \t\t            \t\t             \t\t\t\t   \t\t\t\t\t   <img decoding=\"async\" id=\"article-image\" fetchpriority=\"high\" alt=\"Wilhelmsplatz in Stuttgart: Jugendliche attackieren 16-J\u00e4hrigen mit Flasche \u2013 Mann wird verpr\u00fcgelt\" title=\"Wilhelmsplatz in Stuttgart: Jugendliche attackieren 16-J\u00e4hrigen mit Flasche \u2013 Mann wird verpr\u00fcgelt\" src=\"https:\/\/www.europesays.com\/de\/wp-content\/uploads\/2026\/06\/media.media.b306a9cf-8f36-4f2a-b8de-57da9cfaa424.16x9_700.jpg\" data-linkto=\"https:\/\/www.stuttgarter-nachrichten.de\/javascript:void(0);\"\/>\t\t\t\t\t\t\t\t\t\t\t\t\t\t\t\t\t\t\t\t\t\t\t\tAngriff mit Glasflasche: Ein 16-J\u00e4hriger und ein 33-J\u00e4hriger sind am Wilhelmsplatz in Stuttgart verpr\u00fcgelt worden (Archivbild).\u00a0Foto: IMAGO\/Bihlmayerfotografie\t\t\t<\/p>\n<p>Gleich zweimal schlagen Jugendliche am Wilhelmsplatz in Stuttgart zu. Ein 16-J\u00e4hriger wird mit einer Glasflasche schwer verletzt. Auf einen 33-J\u00e4hrigen am Boden wird eingetreten.<\/p>\n<p>Gleich zwei brutale Angriffe hat es am Wochenende am <a href=\"https:\/\/www.stuttgarter-nachrichten.de\/thema\/Wilhelmsplatz\" title=\"Wilhelmsplatz\" class=\"art_thema\" rel=\"nofollow noopener\" target=\"_blank\">Wilhelmsplatz<\/a> in Stuttgart gegeben. Eine Gruppe von rund 20 Jugendlichen hat unter anderem einen 16-J\u00e4hrigen an der Haltestelle in <a href=\"https:\/\/www.stuttgarter-nachrichten.de\/thema\/Stuttgart-Bad_Cannstatt\" title=\"Bad Cannstatt\" class=\"art_thema\" rel=\"nofollow noopener\" target=\"_blank\">Bad Cannstatt<\/a> attackiert. Das berichtet die <a href=\"https:\/\/www.stuttgarter-nachrichten.de\/thema\/Polizei\" title=\"Polizei\" class=\"art_thema\" rel=\"nofollow noopener\" target=\"_blank\">Polizei<\/a>. Demnach soll einer der Angreifer das Opfer mit einer abgebrochenen Glasflasche schwer verletzt haben.<\/p>\n<p>Der Vorfall ereignete sich bereits am fr\u00fchen Samstagmorgen an einer Treppe in Fahrtrichtung Fellbach. Eine Gruppe von rund 20 Personen soll gegen 0.30 Uhr in Streit mit dem 16-J\u00e4hrigen geraten sein. Der Grund f\u00fcr den Konflikt ist bisher noch unklar.<\/p>\n<p>Der Angreifer habe das Opfer mit Schnitten im Gesicht und an der Hand schwer verletzt. Der 16-J\u00e4hrige wurde von Rettungssanit\u00e4tern behandelt und in eine Klinik gebracht. Der Angreifer mit der Glasflasche war laut Polizei etwa 16 Jahre alt, hatte kurze braune Haare. Er habe eine Gucci-M\u00fctze, ein schwarzes T-Shirt und Bluejeans getragen. <\/p>\n<p>Mit Schnitten im Gesicht verletzt <\/p>\n<p>Knapp zwei Stunden sp\u00e4ter nahmen Polizeibeamte wenige Meter weiter einen 14- und einen 16-J\u00e4hrigen fest, die einen 33-J\u00e4hrigen verpr\u00fcgelt haben sollen. Der Mann war gegen 2.30 Uhr auf dem Martin-Mayer-Steg an der Haltestelle Wilhelmstra\u00dfe unterwegs, als er von einer Gruppe mit acht Personen angesprochen und attackiert wurde. Auch als der Mann am Boden lag, sollen die Jugendlichen weiter auf ihn eingetreten haben.<\/p>\n<p>Anschlie\u00dfend sei die Gruppe in Richtung Bahnhof gefl\u00fcchtet. Rettungskr\u00e4fte brachten den 33-J\u00e4hrigen in ein Krankenhaus. Die beiden Jugendlichen 14 und 16 Jahren wurden nach Abschluss der polizeilichen Ma\u00dfnahmen wieder auf freien Fu\u00df gesetzt.<\/p>\n<p>Ob es einen Zusammenhang zwischen den beiden F\u00e4llen gibt, ist bisher noch unklar. Zeugen, die einen der Vorf\u00e4lle beobachtet haben, werden gebeten, sich unter der Rufnummer 0711\/89905778 bei der Kriminalpolizei zu melden.<\/p>\n","protected":false},"excerpt":{"rendered":"Angriff mit Glasflasche: Ein 16-J\u00e4hriger und ein 33-J\u00e4hriger sind am Wilhelmsplatz in Stuttgart verpr\u00fcgelt worden (Archivbild).\u00a0Foto: IMAGO\/Bihlmayerfotografie Gleich&hellip;\n","protected":false},"author":2,"featured_media":1113618,"comment_status":"","ping_status":"","sticky":false,"template":"","format":"standard","meta":{"footnotes":"","_share_on_mastodon":"0"},"categories":[1830],"tags":[1634,3364,29,30,121,8248,1441,5251,74118],"class_list":["post-1113617","post","type-post","status-publish","format-standard","has-post-thumbnail","category-stuttgart","tag-baden-wuerttemberg","tag-de","tag-deutschland","tag-germany","tag-polizei","tag-polizeibericht-stuttgart","tag-stuttgart","tag-stuttgart-bad-cannstatt","tag-wilhelmsplatz"],"share_on_mastodon":{"url":"https:\/\/pubeurope.com\/@de\/116794524115419301","error":""},"_links":{"self":[{"href":"https:\/\/www.europesays.com\/de\/wp-json\/wp\/v2\/posts\/1113617","targetHints":{"allow":["GET"]}}],"collection":[{"href":"https:\/\/www.europesays.com\/de\/wp-json\/wp\/v2\/posts"}],"about":[{"href":"https:\/\/www.europesays.com\/de\/wp-json\/wp\/v2\/types\/post"}],"author":[{"embeddable":true,"href":"https:\/\/www.europesays.com\/de\/wp-json\/wp\/v2\/users\/2"}],"replies":[{"embeddable":true,"href":"https:\/\/www.europesays.com\/de\/wp-json\/wp\/v2\/comments?post=1113617"}],"version-history":[{"count":0,"href":"https:\/\/www.europesays.com\/de\/wp-json\/wp\/v2\/posts\/1113617\/revisions"}],"wp:featuredmedia":[{"embeddable":true,"href":"https:\/\/www.europesays.com\/de\/wp-json\/wp\/v2\/media\/1113618"}],"wp:attachment":[{"href":"https:\/\/www.europesays.com\/de\/wp-json\/wp\/v2\/media?parent=1113617"}],"wp:term":[{"taxonomy":"category","embeddable":true,"href":"https:\/\/www.europesays.com\/de\/wp-json\/wp\/v2\/categories?post=1113617"},{"taxonomy":"post_tag","embeddable":true,"href":"https:\/\/www.europesays.com\/de\/wp-json\/wp\/v2\/tags?post=1113617"}],"curies":[{"name":"wp","href":"https:\/\/api.w.org\/{rel}","templated":true}]}}