{"id":1113662,"date":"2026-06-22T16:07:24","date_gmt":"2026-06-22T16:07:24","guid":{"rendered":"https:\/\/www.europesays.com\/de\/1113662\/"},"modified":"2026-06-22T16:07:24","modified_gmt":"2026-06-22T16:07:24","slug":"katar-mindestens-13-tote-nach-explosion-in-hafen-news","status":"publish","type":"post","link":"https:\/\/www.europesays.com\/de\/1113662\/","title":{"rendered":"Katar: Mindestens 13 Tote nach Explosion in Hafen | News"},"content":{"rendered":"<p><a class=\"skip-content skip-content--link\" href=\"#in-content-skip-link-target-v-0-0\">TTS-Player \u00fcberspringen\u21b5<\/a><a id=\"in-content-skip-link-target-v-0-0\" class=\"skip-content--target-link-hidden skip-content skip-content--target-link\" href=\"#in-content-skip-link-target-v-0-0\">Artikel weiterlesen<\/a><\/p>\n<p data-bbd632a7=\"0-1757\">Doha (Katar) \u2013<b> Bei einer Explosion in einem Hafen in Katar sind mindestens 13 Menschen get\u00f6tet worden. Mindestens 60 weitere wurden verletzt. Energieminister Saad Scherida al-Kaabi sprach am Montag von einem Unfall an einem Gasexportterminal. Die Rettungskr\u00e4fte suchen noch immer nach Vermissten.<\/b><\/p>\n<p data-bbd632a7=\"0-1757\">Der W\u00fcstenstaat <a href=\"https:\/\/www.bild.de\/themen\/orte\/katar\/nachrichten-news-fotos-videos-17370926.bild.html\" class=\"text-link\" rel=\"nofollow noopener\" target=\"_blank\">Katar<\/a> war ebenso wie andere Golfstaaten seit Beginn des Iran-Kriegs zur Zielscheibe iranischer Luftangriffe geworden. Ins Visier geriet dabei insbesondere die Energieinfrastruktur des Landes. Die Explosion in dem Industriegebiet in Ras Laffan (rund 60 Kilometer n\u00f6rdlich von Doha) wurde aber auf einen \u201etechnischen Zwischenfall\u201c zur\u00fcckgef\u00fchrt, erkl\u00e4rte das Innenministerium auf einer Pressekonferenz am Montag.\u00a0<\/p>\n<p><img decoding=\"async\" width=\"992\" height=\"558\" alt=\"Katars Energieminister Saad Scherida al-Kaabi\" loading=\"lazy\" src=\"https:\/\/www.europesays.com\/de\/wp-content\/uploads\/2026\/06\/737f467773d4e1ba91ed9851bd3a87e0,6316fb56.jpeg\"   class=\"landscape\"\/><\/p>\n<p class=\"fig__caption__text\">Katars Energieminister Saad Scherida al-Kaabi<\/p>\n<p>Foto: KARIM JAAFAR\/AFP<\/p>\n<p>Brand mittlerweile unter Kontrolle<\/p>\n<p data-bbd632a7=\"0-1757\">Dem staatlichen Energiekonzern \u201eQatar Energy\u201c zufolge ereignete sich die Explosion bereits am Sonntagabend \u201ew\u00e4hrend der Inbetriebnahme von Anlagen im Industriegebiet Ras Laffan\u201c. Dort waren Arbeiter dabei den Betrieb wieder aufzunehmen \u2013 nachdem die Anlage zuvor im Krieg von Iran bombardiert worden war und anschlie\u00dfend f\u00fcr mehrere Wochen nicht betrieben wurde. In der Folge sei es zu einer Explosion und einem <a href=\"https:\/\/www.bild.de\/themen\/ereignisse\/braende-und-feuer-kcCBhSDxfE9cAkTeE6kA\" class=\"text-link\" rel=\"nofollow noopener\" target=\"_blank\">Brand<\/a> in der lokalen Gasversorgungsanlage Barsan gekommen. <\/p>\n<p data-bbd632a7=\"0-1757\">Am sp\u00e4ten Abend teilte \u201eQatar Energy\u201c mit, der Brand sei von <a href=\"https:\/\/www.bild.de\/themen\/organisationen\/rettungsdienst\/politik-nachrichten-news-fotos-videos-19795274.bild.html\" class=\"text-link\" rel=\"nofollow noopener\" target=\"_blank\">Rettungskr\u00e4ften<\/a> unter Kontrolle gebracht worden. Energieminister Saad Scherida al-Kaabi: \u201eIch m\u00f6chte betonen, dass es sich um einen Unfall handelte und nicht um Sabotage oder einen feindseligen Akt.\u201c <\/p>\n<p><img decoding=\"async\" width=\"992\" height=\"558\" alt=\"Der Nachthimmel \u00fcber dem Industriegebiet in Ras Laffan leuchtet nach der Explosion feuerrot\" loading=\"lazy\" src=\"https:\/\/www.europesays.com\/de\/wp-content\/uploads\/2026\/06\/af5eee4aad7279eaaff8c1635b7913b1,67dac0d1.jpeg\"   class=\"landscape\"\/><\/p>\n<p class=\"fig__caption__text\">Der Nachthimmel \u00fcber dem Industriegebiet in Ras Laffan leuchtet nach der Explosion feuerrot<\/p>\n<p>Foto: X<\/p>\n<p data-bbd632a7=\"0-1757\">Die Explosion sei \u201einternen Ursprungs\u201c gewesen, erkl\u00e4rte das Innenministerium im Onlinedienst X. Journalisten der Nachrichtenagentur AFP berichten von einer lauten Detonation im Norden von Doha, die in der gesamten Stadt zu sp\u00fcren gewesen sei.<\/p>\n<p>Weltweit gr\u00f6\u00dfte Fl\u00fcssigerdgas-Produktionsst\u00e4tte<\/p>\n<p data-bbd632a7=\"1758-2068\">In dem Industriekomplex in Ras Laffan befindet sich die weltweit gr\u00f6\u00dfte Produktionsst\u00e4tte von Fl\u00fcssigerdgas (LNG). Die <a href=\"https:\/\/www.bild.de\/themen\/ereignisse\/explosion\/nachrichten-news-fotos-videos-19931728.bild.html\" class=\"text-link\" rel=\"nofollow noopener\" target=\"_blank\">Explosion<\/a> k\u00f6nnte die im Zuge des <a href=\"https:\/\/www.bild.de\/news\/ausland\/iran\/thema-iran-alle-infos-80032832.bild.html\" class=\"text-link\" rel=\"nofollow noopener\" target=\"_blank\">Iran-Kriegs<\/a> unter Druck geratenen Energiem\u00e4rkte weiter belasten. Das genaue Ausma\u00df der Sch\u00e4den ist noch unbekannt.<\/p>\n","protected":false},"excerpt":{"rendered":"TTS-Player \u00fcberspringen\u21b5Artikel weiterlesen Doha (Katar) \u2013 Bei einer Explosion in einem Hafen in Katar sind mindestens 13 Menschen&hellip;\n","protected":false},"author":2,"featured_media":1113663,"comment_status":"","ping_status":"","sticky":false,"template":"","format":"standard","meta":{"footnotes":"","_share_on_mastodon":"0"},"categories":[3],"tags":[1624,1737,7264,1137,2805,1736,22226,693,13,345,579,4046,14,15,19170,12,138370,3533,6062,10,8,9,11,2624,15133,2627,103,104],"class_list":["post-1113662","post","type-post","status-publish","format-standard","has-post-thumbnail","category-welt","tag-asien","tag-breaking-news","tag-doha","tag-erdgas","tag-explosion","tag-fb-instantarticles","tag-fluessiggas","tag-hafen","tag-headlines","tag-iran","tag-katar","tag-krieg","tag-nachrichten","tag-news","tag-opfer","tag-schlagzeilen","tag-team-first","tag-todesfall","tag-todesopfer","tag-top-news","tag-top-meldungen","tag-topmeldungen","tag-topnews","tag-unfaelle","tag-ursache","tag-verletzungen","tag-welt","tag-world"],"share_on_mastodon":{"url":"https:\/\/pubeurope.com\/@de\/116794625163750171","error":""},"_links":{"self":[{"href":"https:\/\/www.europesays.com\/de\/wp-json\/wp\/v2\/posts\/1113662","targetHints":{"allow":["GET"]}}],"collection":[{"href":"https:\/\/www.europesays.com\/de\/wp-json\/wp\/v2\/posts"}],"about":[{"href":"https:\/\/www.europesays.com\/de\/wp-json\/wp\/v2\/types\/post"}],"author":[{"embeddable":true,"href":"https:\/\/www.europesays.com\/de\/wp-json\/wp\/v2\/users\/2"}],"replies":[{"embeddable":true,"href":"https:\/\/www.europesays.com\/de\/wp-json\/wp\/v2\/comments?post=1113662"}],"version-history":[{"count":0,"href":"https:\/\/www.europesays.com\/de\/wp-json\/wp\/v2\/posts\/1113662\/revisions"}],"wp:featuredmedia":[{"embeddable":true,"href":"https:\/\/www.europesays.com\/de\/wp-json\/wp\/v2\/media\/1113663"}],"wp:attachment":[{"href":"https:\/\/www.europesays.com\/de\/wp-json\/wp\/v2\/media?parent=1113662"}],"wp:term":[{"taxonomy":"category","embeddable":true,"href":"https:\/\/www.europesays.com\/de\/wp-json\/wp\/v2\/categories?post=1113662"},{"taxonomy":"post_tag","embeddable":true,"href":"https:\/\/www.europesays.com\/de\/wp-json\/wp\/v2\/tags?post=1113662"}],"curies":[{"name":"wp","href":"https:\/\/api.w.org\/{rel}","templated":true}]}}