{"id":1113821,"date":"2026-06-22T17:36:19","date_gmt":"2026-06-22T17:36:19","guid":{"rendered":"https:\/\/www.europesays.com\/de\/1113821\/"},"modified":"2026-06-22T17:36:19","modified_gmt":"2026-06-22T17:36:19","slug":"moenchengladbach-49-jaehriger-e-scooter-dieb-in-u-haft","status":"publish","type":"post","link":"https:\/\/www.europesays.com\/de\/1113821\/","title":{"rendered":"M\u00f6nchengladbach: 49-j\u00e4hriger E-Scooter-Dieb in U-Haft"},"content":{"rendered":"<p class=\"text_ohne_einzug richtext text-em-55 !leading-serif mx-6 desktop:mx-0\"> Ein 49-j\u00e4hriger Mann sitzt in Untersuchungshaft, nachdem er am Freitag, 19. Juni, einen <a href=\"https:\/\/rp-online.de\/thema\/e-scooter\/\" rel=\"nofollow noopener\" target=\"_blank\">E-Scooter<\/a> gestohlen haben soll. Das teilte die <a href=\"https:\/\/rp-online.de\/thema\/polizei\/\" rel=\"nofollow noopener\" target=\"_blank\">Polizei<\/a> am Montag mit.<\/p>\n<p class=\"richtext text-em-55 !leading-serif mx-6 desktop:mx-0\">Gegen 11 Uhr bemerkte eine 34-j\u00e4hrige Frau, dass ihr E-Scooter entwendet worden war. Sie hatte ihn an der Gasthausstra\u00dfe abgestellt und mit einem Schloss an einem Gel\u00e4nder gesichert. Sie konnte den E-Scooter per GPS orten, sodass Einsatzkr\u00e4fte den Scooter sowie den 49-J\u00e4hrigen auf der L\u00fcrriper Stra\u00dfe antreffen konnten. Die Beamten nahmen den Mann vorl\u00e4ufig fest, da er wegen \u00e4hnlicher Delikte bereits mehrfach polizeilich in Erscheinung getreten ist und keinen festen Wohnsitz nachweisen konnte. Ermittler f\u00fchrten den 49-J\u00e4hrigen beim Amtsgericht M\u00f6nchengladbach vor. Es wurde ein Untersuchungshaftbefehl erlassen. Den S-Scooter h\u00e4ndigte die Polizei der Besitzerin wieder aus.<\/p>\n","protected":false},"excerpt":{"rendered":"Ein 49-j\u00e4hriger Mann sitzt in Untersuchungshaft, nachdem er am Freitag, 19. Juni, einen E-Scooter gestohlen haben soll. Das&hellip;\n","protected":false},"author":2,"featured_media":1113822,"comment_status":"","ping_status":"","sticky":false,"template":"","format":"standard","meta":{"footnotes":"","_share_on_mastodon":"0"},"categories":[1849],"tags":[1601,3364,29,548,663,3934,30,13799,4088,13,18273,4455,14,15,1209,12,4728,4853,147994],"class_list":["post-1113821","post","type-post","status-publish","format-standard","has-post-thumbnail","category-moenchengladbach","tag-amtsgericht","tag-de","tag-deutschland","tag-eu","tag-europa","tag-europe","tag-germany","tag-gestohlen","tag-gps","tag-headlines","tag-jaehriger","tag-moenchengladbach","tag-nachrichten","tag-news","tag-nordrhein-westfalen","tag-schlagzeilen","tag-scooter","tag-untersuchungshaft","tag-untersuchungshaftbefehl"],"share_on_mastodon":{"url":"https:\/\/pubeurope.com\/@de\/116794975085899220","error":""},"_links":{"self":[{"href":"https:\/\/www.europesays.com\/de\/wp-json\/wp\/v2\/posts\/1113821","targetHints":{"allow":["GET"]}}],"collection":[{"href":"https:\/\/www.europesays.com\/de\/wp-json\/wp\/v2\/posts"}],"about":[{"href":"https:\/\/www.europesays.com\/de\/wp-json\/wp\/v2\/types\/post"}],"author":[{"embeddable":true,"href":"https:\/\/www.europesays.com\/de\/wp-json\/wp\/v2\/users\/2"}],"replies":[{"embeddable":true,"href":"https:\/\/www.europesays.com\/de\/wp-json\/wp\/v2\/comments?post=1113821"}],"version-history":[{"count":0,"href":"https:\/\/www.europesays.com\/de\/wp-json\/wp\/v2\/posts\/1113821\/revisions"}],"wp:featuredmedia":[{"embeddable":true,"href":"https:\/\/www.europesays.com\/de\/wp-json\/wp\/v2\/media\/1113822"}],"wp:attachment":[{"href":"https:\/\/www.europesays.com\/de\/wp-json\/wp\/v2\/media?parent=1113821"}],"wp:term":[{"taxonomy":"category","embeddable":true,"href":"https:\/\/www.europesays.com\/de\/wp-json\/wp\/v2\/categories?post=1113821"},{"taxonomy":"post_tag","embeddable":true,"href":"https:\/\/www.europesays.com\/de\/wp-json\/wp\/v2\/tags?post=1113821"}],"curies":[{"name":"wp","href":"https:\/\/api.w.org\/{rel}","templated":true}]}}