{"id":1113849,"date":"2026-06-22T17:51:51","date_gmt":"2026-06-22T17:51:51","guid":{"rendered":"https:\/\/www.europesays.com\/de\/1113849\/"},"modified":"2026-06-22T17:51:51","modified_gmt":"2026-06-22T17:51:51","slug":"bochum-lohrheidestadion-nutzt-solarstrom","status":"publish","type":"post","link":"https:\/\/www.europesays.com\/de\/1113849\/","title":{"rendered":"Bochum: Lohrheidestadion nutzt Solarstrom"},"content":{"rendered":"<p class=\"aurora-text aurora-body\" doc-editable=\"text\" data-component-id=\"doc-1e2fq64cq0\">Die Stadt Bochum hat die Photovoltaikanlage auf dem Lohrheidestadion vorgestellt. Mit einer Leistung von rund 900 Kilowatt ist sie nach Angaben der Stadt die bislang gr\u00f6\u00dfte Einzelanlage im kommunalen Bestand. Pro Jahr soll sie etwa 780 Megawattstunden Solarstrom erzeugen.<\/p>\n<p class=\"aurora-text aurora-body\" doc-editable=\"text\" data-component-id=\"doc-1jranqm4o0\"><a href=\"https:\/\/www.photovoltaik.eu\/installation\/leichtmodule-versorgen-industriegebaeude-von-skf-schweinfurt\" data-entity-uuid=\"344c3eeb-694f-4bb5-ab3e-51587c9981d7\" rel=\"nofollow noopener\" target=\"_blank\">Leichtmodule versorgen Industriegeb\u00e4ude von SKF in Schweinfurt<\/a><\/p>\n<p class=\"aurora-text aurora-body\" doc-editable=\"text\" data-component-id=\"doc-1jrannc4l1\">Das entspricht rechnerisch dem Verbrauch von rund 300 Haushalten. Der \u00fcberwiegende Teil des Stroms wird ins Stromnetz eingespeist. Ein kleinerer Anteil flie\u00dft direkt in den Eigenverbrauch des Stadions, unter anderem in die Geb\u00e4ude-, W\u00e4rme- und K\u00e4ltetechnik.<\/p>\n<p>21 neue Anlagen liefern 2,3 Megawatt<\/p>\n<p class=\"aurora-text aurora-body\" doc-editable=\"text\" data-component-id=\"doc-1jrano2n21\">Die Stadt verfolgt mit dem Strategieprojekt \u201eMission solar \u2013 unsere Geb\u00e4ude haben mehr drauf\u201c den systematischen Ausbau der Photovoltaik auf kommunalen Liegenschaften. In den vergangenen Jahren sind nach Angaben der Verwaltung mehr als 58 Anlagen mit einer Gesamtleistung von \u00fcber 3,6 Megawatt auf st\u00e4dtischen Geb\u00e4uden errichtet worden.<\/p>\n<p class=\"aurora-text aurora-body\" doc-editable=\"text\" data-component-id=\"doc-1jranqkks0\"><a href=\"https:\/\/www.photovoltaik.eu\/bipv\/wien-solaranlage-liefert-sonnenstrom-fuer-eishockeyarena-von-dach-und-fassade\" data-entity-uuid=\"6ea02f7f-10c6-40e9-ae53-75ade744e071\" rel=\"nofollow noopener\" target=\"_blank\">Wien: Solaranlage liefert Sonnenstrom f\u00fcr Eishockeyarena \u2013 von Dach und Fassade<\/a><\/p>\n<p class=\"aurora-text aurora-body\" doc-editable=\"text\" data-component-id=\"doc-1jrannc4r1\">Allein im Jahr 2025 kamen 21 Anlagen mit zusammen 2,3 Megawatt hinzu. Zu den gr\u00f6\u00dferen Projekten dieses Jahres z\u00e4hlen Anlagen auf der Heinrich-B\u00f6ll-Gesamtschule, auf dem Verwaltungsgeb\u00e4ude an der Universit\u00e4tsstra\u00dfe, auf dem Berufskolleg an der Karl-Friedrich-Stra\u00dfe sowie auf dem Parkhaus der Quartiersgarage Feldmark.<\/p>\n<p>Bericht und Geoportal dokumentieren Ausbau<\/p>\n<p class=\"aurora-text aurora-body\" doc-editable=\"text\" data-component-id=\"doc-1jrano8571\">Parallel zur Inbetriebnahme der Stadionanlage hat die Stadt dem Betriebsausschuss f\u00fcr Eigenbetriebe einen neuen Photovoltaikbericht vorgelegt. Er b\u00fcndelt Kennzahlen und Daten zum bisherigen Ausbau. Im st\u00e4dtischen Geoportal lassen sich die installierten Anlagen im Stadtgebiet zudem auf einer Karte einsehen.<\/p>\n<p class=\"aurora-text aurora-body\" doc-editable=\"text\" data-component-id=\"doc-1jranqppu0\"><a href=\"https:\/\/www.photovoltaik.eu\/installation\/fussballclub-setzt-auf-solarstrom-und-modernes-speichersystem\" data-entity-uuid=\"d49ddc2a-06e8-4d97-bca1-c48fc4b3b6b7\" rel=\"nofollow noopener\" target=\"_blank\">Fu\u00dfballclub setzt auf Solarstrom und modernes Speichersystem<\/a><\/p>\n<p class=\"aurora-text aurora-body\" doc-editable=\"text\" data-component-id=\"doc-1jrannc511\">\u201eDer Ausbau der Solarenergie ist ein wichtiger Baustein unserer Nachhaltigkeitsstrategie\u201c, sagt Eva-Maria Hubbert, zust\u00e4ndige Dezernentin der Stadt Bochum. Man mache gemeinsam mit den Stadtwerken kontinuierlich Fortschritte bei ihrer Mission Solar. (nhp)<\/p>\n<p class=\"aurora-text aurora-body\" doc-editable=\"text\" data-component-id=\"doc-1jrannc541\"><b>Weitere aktuelle News?<\/b> <b><a href=\"https:\/\/www.photovoltaik.eu\/newsletter-anmeldung\" rel=\"nofollow noopener\" target=\"_blank\">Abonnieren Sie unseren kostenlosen Newsletter!<\/a><\/b><\/p>\n","protected":false},"excerpt":{"rendered":"Die Stadt Bochum hat die Photovoltaikanlage auf dem Lohrheidestadion vorgestellt. Mit einer Leistung von rund 900 Kilowatt ist&hellip;\n","protected":false},"author":2,"featured_media":1113850,"comment_status":"","ping_status":"","sticky":false,"template":"","format":"standard","meta":{"footnotes":"","_share_on_mastodon":"0"},"categories":[1839],"tags":[7507,3364,29,30,197,1209,8424,8173],"class_list":["post-1113849","post","type-post","status-publish","format-standard","has-post-thumbnail","category-bochum","tag-bochum","tag-de","tag-deutschland","tag-germany","tag-installation","tag-nordrhein-westfalen","tag-stadion","tag-vfl-bochum"],"share_on_mastodon":{"url":"https:\/\/pubeurope.com\/@de\/116795037822008004","error":""},"_links":{"self":[{"href":"https:\/\/www.europesays.com\/de\/wp-json\/wp\/v2\/posts\/1113849","targetHints":{"allow":["GET"]}}],"collection":[{"href":"https:\/\/www.europesays.com\/de\/wp-json\/wp\/v2\/posts"}],"about":[{"href":"https:\/\/www.europesays.com\/de\/wp-json\/wp\/v2\/types\/post"}],"author":[{"embeddable":true,"href":"https:\/\/www.europesays.com\/de\/wp-json\/wp\/v2\/users\/2"}],"replies":[{"embeddable":true,"href":"https:\/\/www.europesays.com\/de\/wp-json\/wp\/v2\/comments?post=1113849"}],"version-history":[{"count":0,"href":"https:\/\/www.europesays.com\/de\/wp-json\/wp\/v2\/posts\/1113849\/revisions"}],"wp:featuredmedia":[{"embeddable":true,"href":"https:\/\/www.europesays.com\/de\/wp-json\/wp\/v2\/media\/1113850"}],"wp:attachment":[{"href":"https:\/\/www.europesays.com\/de\/wp-json\/wp\/v2\/media?parent=1113849"}],"wp:term":[{"taxonomy":"category","embeddable":true,"href":"https:\/\/www.europesays.com\/de\/wp-json\/wp\/v2\/categories?post=1113849"},{"taxonomy":"post_tag","embeddable":true,"href":"https:\/\/www.europesays.com\/de\/wp-json\/wp\/v2\/tags?post=1113849"}],"curies":[{"name":"wp","href":"https:\/\/api.w.org\/{rel}","templated":true}]}}