{"id":1113922,"date":"2026-06-22T18:38:19","date_gmt":"2026-06-22T18:38:19","guid":{"rendered":"https:\/\/www.europesays.com\/de\/1113922\/"},"modified":"2026-06-22T18:38:19","modified_gmt":"2026-06-22T18:38:19","slug":"muenchen-guide-michelin-verleiht-sterne-an-top-restaurants","status":"publish","type":"post","link":"https:\/\/www.europesays.com\/de\/1113922\/","title":{"rendered":"M\u00fcnchen: Guide Michelin verleiht Sterne an Top-Restaurants"},"content":{"rendered":"<p>Verleihung in Frankfurt <\/p>\n<p>Diese M\u00fcnchner Restaurants hoffen auf Michelin-Sterne<\/p>\n<p>Aktualisiert am 22.06.2026 &#8211; 19:45 UhrLesedauer: 2 Min.<\/p>\n<p><a href=\"#focus-0\" class=\"transition-colors block text-current relative\" data-sctrack=\"FocusGalleryImage.Reference\"><img fetchpriority=\"high\" data-testid=\"Opener.Image\"   loading=\"eager\" src=\"https:\/\/www.europesays.com\/de\/wp-content\/uploads\/2026\/06\/1782153498_816_image.jpg\" alt=\"Verleihung des Guide Michelin (Archivbild): Welche M\u00fcnchner Restaurants werden in diesem Jahr pr\u00e4miert?\" title=\"Verleihung des Guide Michelin (Archivbild): Welche M\u00fcnchner Restaurants werden in diesem Jahr pr\u00e4miert?\" width=\"2339\" height=\"1316\" class=\"bg-[url:var(--lqipURL)] bg-cover bg-center flex h-full w-full max-w-full\" style=\"--lqipURL:url('https:\/\/images.t-online.de\/2025\/06\/MHSScztWT8fy\/1285x1021:2339x1316\/fit-in\/150x0\/filters:blur(25)\/image.jpg')\" decoding=\"async\"\/><img loading=\"lazy\" src=\"https:\/\/muenchen.t-online.de\/s\/paper\/_next\/static\/media\/zoom-in.f7dae02f.svg\" alt=\"Vergr\u00f6\u00dfern des Bildes\" title=\"Vergr\u00f6\u00dfern des Bildes\" class=\"block h-[calc(var(--height)_\/_16_*_1rem)] w-[calc(var(--width)_\/_16_*_1rem)] max-w-none absolute right-8 bottom-8 rounded-4 bg-snow p-8\" style=\"--width:32;--height:32\" decoding=\"async\"\/><\/a><\/p>\n<p>Verleihung des Guide Michelin (Archivbild): Welche M\u00fcnchner Restaurants werden in diesem Jahr pr\u00e4miert? (Quelle: Sinem Koyuncu)<\/p>\n<p><img loading=\"lazy\" src=\"https:\/\/muenchen.t-online.de\/s\/paper\/_next\/static\/media\/audio-volume.6689034c.svg\" alt=\"\" title=\"\" class=\"block h-[calc(var(--height)_\/_16_*_1rem)] w-[calc(var(--width)_\/_16_*_1rem)] max-w-none group-hover:brightness-0 group-hover:invert\" style=\"--width:16;--height:16\" decoding=\"async\"\/>Vorlesen<\/p>\n<p>Aktuelle Zeit:0:00Gesamtdauer:0:00<\/p>\n<p>1x<\/p>\n<p class=\"text-center\">Jetzt neu bei t-online:<\/p>\n<p class=\"text-center\">Schriftgr\u00f6\u00dfe anpassen!<\/p>\n<p><img loading=\"lazy\" src=\"https:\/\/muenchen.t-online.de\/s\/paper\/_next\/static\/media\/font-sizes.32942e33.svg\" alt=\"\" title=\"\" class=\"block h-[calc(var(--height)_\/_16_*_1rem)] w-[calc(var(--width)_\/_16_*_1rem)] max-w-none group-hover:hidden group-aria-expanded:hidden\" style=\"--width:16;--height:16\" decoding=\"async\"\/><img loading=\"lazy\" src=\"https:\/\/muenchen.t-online.de\/s\/paper\/_next\/static\/media\/font-sizes-dark-mode.e382645c.svg\" alt=\"\" title=\"\" class=\"block h-[calc(var(--height)_\/_16_*_1rem)] w-[calc(var(--width)_\/_16_*_1rem)] max-w-none hidden group-hover:block group-aria-expanded:block\" style=\"--width:16;--height:16\" decoding=\"async\"\/><img loading=\"lazy\" src=\"https:\/\/muenchen.t-online.de\/s\/paper\/_next\/static\/media\/sharing-menu-icon.1eb71368.svg\" alt=\"\" title=\"\" class=\"block h-[calc(var(--height)_\/_16_*_1rem)] w-[calc(var(--width)_\/_16_*_1rem)] max-w-none group-hover:brightness-0 group-hover:invert\" style=\"--width:16;--height:16\" decoding=\"async\"\/>Artikel teilen<\/p>\n<p class=\"font-bold text-18 leading-17 user-text-lg:text-22 user-text-xl:text-24\">Die Sterne des Guide Michelin werden wieder in Frankfurt verliehen. Welche M\u00fcnchner Restaurants werden dieses Jahr den begehrten Stern erhalten?<\/p>\n<p class=\"text-18 leading-17 user-text-lg:text-22 user-text-xl:text-24\">Sterne vom Guide Michelin kommen in der Restaurantwelt einem Ritterschlag gleich. Und nun ist es wieder so weit: Im Gesellschaftshaus am Palmengarten in Frankfurt verleiht der weltbekannte Restaurantf\u00fchrer am Dienstag (23. Juni) seine Auszeichnungen.<\/p>\n<p class=\"text-18 leading-17 user-text-lg:text-22 user-text-xl:text-24\">W\u00e4hrend an dem Abend die deutschlandweite Spitze ausgezeichnet wird, d\u00fcrfte f\u00fcr viele M\u00fcnchner spannend werden, welche Gastronomen aus Stadt und der Region einen Stern erhalten \u2013 oder abgeben m\u00fcssen. Aktuell verf\u00fcgen elf M\u00fcnchner Restaurants \u00fcber einen Stern, vier \u00fcber zwei Sterne und zwei \u00fcber drei Sterne.<\/p>\n<p>Diese M\u00fcnchner Restaurants haben einen Michelin-Stern<\/p>\n<ul class=\"text-18 leading-17 block pl-24 *:pb-16 *:before:inline-block *:before:size-8 *:before:bg-magenta *:before:mt-0 *:before:mr-12 *:before:mb-2 *:before:-ml-[20px]\">\n<li>Tohru in der Schreiberei (drei Sterne)<\/li>\n<li>Showroom (ein Stern)<\/li>\n<li>Atelier (zwei Sterne)<\/li>\n<li>Jan (drei Sterne)<\/li>\n<li>Tantris (zwei Sterne)<\/li>\n<li>Alois \u2013 Dallmayr Fine Dining (zwei Sterne)<\/li>\n<li>Komu (zwei Sterne)<\/li>\n<li>Gabelspiel (ein Stern)<\/li>\n<li>Sparkling Bistro (ein Stern)<\/li>\n<li>Werneckhof Sigi Schelling (ein Stern)<\/li>\n<li>Les Deux (ein Stern)<\/li>\n<li>Tantris DNA (ein Stern)<\/li>\n<li>Brother (ein Stern)<\/li>\n<li>1804 Hirschau (ein Stern)<\/li>\n<li>Aubergine (ein Stern)<\/li>\n<li>Mountain Hub Gourmet (ein Stern)<\/li>\n<li>MIND (ein Stern)<\/li>\n<\/ul>\n<p>Diese weiteren Auszeichnungen verleiht der Guide Michelin<\/p>\n<p class=\"text-18 leading-17 user-text-lg:text-22 user-text-xl:text-24\">Zwei Restaurants unter neuer F\u00fchrung d\u00fcrften gepannt auf die Verleihung warten: Zum einen das Restaurant &#8222;Atelier&#8220; im Bayerischen Hof, das bislang mit zwei Sternen bedacht wurde. Dort hat Anton Gschwendtner im Februar das Haus \u00fcberraschend verlassen, <a href=\"https:\/\/muenchen.t-online.de\/region\/muenchen\/id_101105130\/bayerischer-hof-muenchen-gourmet-restaurant-eroeffnet-mit-neuem-spitzenkoch.html\" class=\"transition-colors cursor-pointer no-underline md:hover:text-magenta md:focus:text-magenta border-b border-solid border-current text-salemsfur md:hover:border-magenta\" data-tracking=\"{&quot;action&quot;:&quot;click&quot;,&quot;category&quot;:&quot;intextLink&quot;,&quot;label&quot;:&quot;\/region\/muenchen\/id_101105130\/bayerischer-hof-muenchen-gourmet-restaurant-eroeffnet-mit-neuem-spitzenkoch.html&quot;}\" data-sctrack=\"BodyAnchor\" rel=\"nofollow noopener\" target=\"_blank\">sein Nachfolger ist seit 1. April der 33-j\u00e4hrige Kevin Romes<\/a>.<\/p>\n<p class=\"text-18 leading-17 user-text-lg:text-22 user-text-xl:text-24\">Zum anderen muss sich das Restaurant &#8222;The Cloud&#8220; in der BMW-Welt zum ersten Mal dem Urteil stellen.<\/p>\n<ul class=\"text-18 leading-17 block pl-24 *:pb-16 *:before:inline-block *:before:size-8 *:before:bg-magenta *:before:mt-0 *:before:mr-12 *:before:mb-2 *:before:-ml-[20px]\">\n<li><strong class=\"font-bold\">Michelin-Sterne:<\/strong> <a href=\"https:\/\/muenchen.t-online.de\/region\/muenchen\/id_101307088\/guide-michelin-sterne-2026-diese-muenchner-gourmet-restaurants-zittern.html\" class=\"transition-colors cursor-pointer no-underline md:hover:text-magenta md:focus:text-magenta border-b border-solid border-current text-salemsfur md:hover:border-magenta\" data-tracking=\"{&quot;action&quot;:&quot;click&quot;,&quot;category&quot;:&quot;intextLink&quot;,&quot;label&quot;:&quot;\/region\/muenchen\/id_101307088\/guide-michelin-sterne-2026-diese-muenchner-gourmet-restaurants-zittern.html&quot;}\" data-sctrack=\"BodyAnchor\" rel=\"nofollow noopener\" target=\"_blank\">Diese M\u00fcnchner Star-K\u00fcchen zittern<\/a><\/li>\n<\/ul>\n<p class=\"text-18 leading-17 user-text-lg:text-22 user-text-xl:text-24\">Neben den klassischen Sterne-Auszeichnungen werden bei der Michelin-Verleihung auch besondere Pers\u00f6nlichkeiten geehrt. Die sogenannten &#8222;Special Awards&#8220; zeichnen herausragende Leistungen in den Kategorien Sommelier, Service und Young Chef aus \u2013 au\u00dferdem wird die beste Neuer\u00f6ffnung des Jahres pr\u00e4miert.<\/p>\n","protected":false},"excerpt":{"rendered":"Verleihung in Frankfurt Diese M\u00fcnchner Restaurants hoffen auf Michelin-Sterne Aktualisiert am 22.06.2026 &#8211; 19:45 UhrLesedauer: 2 Min. Verleihung&hellip;\n","protected":false},"author":2,"featured_media":1113923,"comment_status":"","ping_status":"","sticky":false,"template":"","format":"standard","meta":{"footnotes":"","_share_on_mastodon":"0"},"categories":[1827],"tags":[772,65053,29,2051,30,56455,28989,1268,1598,235567,51249],"class_list":["post-1113922","post","type-post","status-publish","format-standard","has-post-thumbnail","category-muenchen","tag-bayern","tag-dallmayr","tag-deutschland","tag-frankfurt-am-main","tag-germany","tag-guide-michelin","tag-michelin","tag-muenchen","tag-restaurant","tag-restaurantwelt","tag-verleihung"],"share_on_mastodon":{"url":"https:\/\/pubeurope.com\/@de\/116795219366317761","error":""},"_links":{"self":[{"href":"https:\/\/www.europesays.com\/de\/wp-json\/wp\/v2\/posts\/1113922","targetHints":{"allow":["GET"]}}],"collection":[{"href":"https:\/\/www.europesays.com\/de\/wp-json\/wp\/v2\/posts"}],"about":[{"href":"https:\/\/www.europesays.com\/de\/wp-json\/wp\/v2\/types\/post"}],"author":[{"embeddable":true,"href":"https:\/\/www.europesays.com\/de\/wp-json\/wp\/v2\/users\/2"}],"replies":[{"embeddable":true,"href":"https:\/\/www.europesays.com\/de\/wp-json\/wp\/v2\/comments?post=1113922"}],"version-history":[{"count":0,"href":"https:\/\/www.europesays.com\/de\/wp-json\/wp\/v2\/posts\/1113922\/revisions"}],"wp:featuredmedia":[{"embeddable":true,"href":"https:\/\/www.europesays.com\/de\/wp-json\/wp\/v2\/media\/1113923"}],"wp:attachment":[{"href":"https:\/\/www.europesays.com\/de\/wp-json\/wp\/v2\/media?parent=1113922"}],"wp:term":[{"taxonomy":"category","embeddable":true,"href":"https:\/\/www.europesays.com\/de\/wp-json\/wp\/v2\/categories?post=1113922"},{"taxonomy":"post_tag","embeddable":true,"href":"https:\/\/www.europesays.com\/de\/wp-json\/wp\/v2\/tags?post=1113922"}],"curies":[{"name":"wp","href":"https:\/\/api.w.org\/{rel}","templated":true}]}}