{"id":1114051,"date":"2026-06-22T19:56:17","date_gmt":"2026-06-22T19:56:17","guid":{"rendered":"https:\/\/www.europesays.com\/de\/1114051\/"},"modified":"2026-06-22T19:56:17","modified_gmt":"2026-06-22T19:56:17","slug":"handwerker-aus-fellbach-darum-lohnt-es-sich-in-massivholz-zu-investieren-nachrichten-aus-fellbach","status":"publish","type":"post","link":"https:\/\/www.europesays.com\/de\/1114051\/","title":{"rendered":"Handwerker aus Fellbach: Darum lohnt es sich, in Massivholz zu investieren &#8211; Nachrichten aus Fellbach"},"content":{"rendered":"<p><strong>Fellbach. <\/strong> Alle paar Jahre \u00e4ndern sich Wohntrends. Was als schick und modern gilt, kann sehr schnell altbacken wirken. Deshalb landen viele, auch gut erhaltene M\u00f6belst\u00fccke regelm\u00e4\u00dfig auf dem M\u00fcll. Die Schreiner Felix V\u00f6lz und Niklas Kunze wollen dem entgegenwirken und schw\u00f6ren auf Massivholz. Warum sie mit diesem Material arbeiten und wie sie aus Sperrm\u00fcll Neues kreieren, erkl\u00e4ren sie bei einem Besuch in ihrer \u201e\u00d6kologischen Werkstatt\u201c in Fellbach.<\/p>\n<p>Warum setzen diese <\/p>\n","protected":false},"excerpt":{"rendered":"Fellbach. Alle paar Jahre \u00e4ndern sich Wohntrends. Was als schick und modern gilt, kann sehr schnell altbacken wirken.&hellip;\n","protected":false},"author":2,"featured_media":1114052,"comment_status":"","ping_status":"","sticky":false,"template":"","format":"standard","meta":{"footnotes":"","_share_on_mastodon":"0"},"categories":[1830],"tags":[1634,3364,29,233879,6725,30,617,3297,1563,159455,4507,233880,133154,233881,1279,20624,1441,383,190920,106708],"class_list":["post-1114051","post","type-post","status-publish","format-standard","has-post-thumbnail","category-stuttgart","tag-baden-wuerttemberg","tag-de","tag-deutschland","tag-felix-voelz","tag-fellbach","tag-germany","tag-handwerk","tag-holz","tag-klima","tag-massivholz","tag-nachhaltigkeit","tag-niklas-kunze","tag-oekologisch","tag-oekologische-werkstatt-fellbach","tag-recycling","tag-schreiner","tag-stuttgart","tag-umwelt","tag-un_erklaere-es-mir","tag-upcycling"],"share_on_mastodon":{"url":"https:\/\/pubeurope.com\/@de\/116795525509094976","error":""},"_links":{"self":[{"href":"https:\/\/www.europesays.com\/de\/wp-json\/wp\/v2\/posts\/1114051","targetHints":{"allow":["GET"]}}],"collection":[{"href":"https:\/\/www.europesays.com\/de\/wp-json\/wp\/v2\/posts"}],"about":[{"href":"https:\/\/www.europesays.com\/de\/wp-json\/wp\/v2\/types\/post"}],"author":[{"embeddable":true,"href":"https:\/\/www.europesays.com\/de\/wp-json\/wp\/v2\/users\/2"}],"replies":[{"embeddable":true,"href":"https:\/\/www.europesays.com\/de\/wp-json\/wp\/v2\/comments?post=1114051"}],"version-history":[{"count":0,"href":"https:\/\/www.europesays.com\/de\/wp-json\/wp\/v2\/posts\/1114051\/revisions"}],"wp:featuredmedia":[{"embeddable":true,"href":"https:\/\/www.europesays.com\/de\/wp-json\/wp\/v2\/media\/1114052"}],"wp:attachment":[{"href":"https:\/\/www.europesays.com\/de\/wp-json\/wp\/v2\/media?parent=1114051"}],"wp:term":[{"taxonomy":"category","embeddable":true,"href":"https:\/\/www.europesays.com\/de\/wp-json\/wp\/v2\/categories?post=1114051"},{"taxonomy":"post_tag","embeddable":true,"href":"https:\/\/www.europesays.com\/de\/wp-json\/wp\/v2\/tags?post=1114051"}],"curies":[{"name":"wp","href":"https:\/\/api.w.org\/{rel}","templated":true}]}}