{"id":1114053,"date":"2026-06-22T19:57:15","date_gmt":"2026-06-22T19:57:15","guid":{"rendered":"https:\/\/www.europesays.com\/de\/1114053\/"},"modified":"2026-06-22T19:57:15","modified_gmt":"2026-06-22T19:57:15","slug":"nach-brand-auf-a8-bei-pforzheim-sperrung-in-fahrtrichtung-stuttgart-aufgehoben-pforzheim","status":"publish","type":"post","link":"https:\/\/www.europesays.com\/de\/1114053\/","title":{"rendered":"Nach Brand auf A8 bei Pforzheim: Sperrung\u00a0in Fahrtrichtung Stuttgart aufgehoben &#8211; Pforzheim"},"content":{"rendered":"<p>Pforzheim. Auf der A8 bei Pforzheim kommt es derzeit zu gro\u00dfen Verkehrsbehinderungen. Wie ein Polizeisprecher auf Anfrage von PZ-news mitteilte,\u00a0ist im Bereich der L\u00e4rmschutzeinhausung in Fahrtrichtung Stuttgart gegen 17.30 Uhr ein Lkw in Brand geraten.<\/p>\n<p>Der Brand sei bereits gel\u00f6scht worden \u2013 und das durch Einsatzkr\u00e4fte der Bundespolizei, die zuf\u00e4llig zu diesem Zeitpunkt auf der A8 unterwegs gewesen seien, so der Sprecher. Die Abschlepparbeiten w\u00fcrden sich allerdings schwierig gestalten.\u00a0<\/p>\n<p>Man versuche den Verkehr auf einer Spur vorbeizuleiten und zugleich dem Abschleppfahrzeug eine Anfahrt zu erm\u00f6glchen.\u00a0Aufgrund der Sperrung komme es jedoch zu erheblichen Beeintr\u00e4chtigungen, so der Sprecher.<\/p>\n<p>Auf Nachfrage teilte die Polizei gegen 20 Uhr mit, dass die Abschlepparbeiten derzeit im Gange seien. Man rechne damit, die Sperrung in absehbarer Zeit aufheben zu k\u00f6nnen.<\/p>\n<p>Gegen 20.30 Uhr sei die Sperrung schlie\u00dflich aufgehoben worden, so die Polizei.<\/p>\n","protected":false},"excerpt":{"rendered":"Pforzheim. Auf der A8 bei Pforzheim kommt es derzeit zu gro\u00dfen Verkehrsbehinderungen. Wie ein Polizeisprecher auf Anfrage von&hellip;\n","protected":false},"author":2,"featured_media":1114054,"comment_status":"","ping_status":"","sticky":false,"template":"","format":"standard","meta":{"footnotes":"","_share_on_mastodon":"0"},"categories":[1830],"tags":[18192,1634,1950,3364,29,30,1441],"class_list":["post-1114053","post","type-post","status-publish","format-standard","has-post-thumbnail","category-stuttgart","tag-a8","tag-baden-wuerttemberg","tag-blaulicht","tag-de","tag-deutschland","tag-germany","tag-stuttgart"],"share_on_mastodon":{"url":"https:\/\/pubeurope.com\/@de\/116795529503378058","error":""},"_links":{"self":[{"href":"https:\/\/www.europesays.com\/de\/wp-json\/wp\/v2\/posts\/1114053","targetHints":{"allow":["GET"]}}],"collection":[{"href":"https:\/\/www.europesays.com\/de\/wp-json\/wp\/v2\/posts"}],"about":[{"href":"https:\/\/www.europesays.com\/de\/wp-json\/wp\/v2\/types\/post"}],"author":[{"embeddable":true,"href":"https:\/\/www.europesays.com\/de\/wp-json\/wp\/v2\/users\/2"}],"replies":[{"embeddable":true,"href":"https:\/\/www.europesays.com\/de\/wp-json\/wp\/v2\/comments?post=1114053"}],"version-history":[{"count":0,"href":"https:\/\/www.europesays.com\/de\/wp-json\/wp\/v2\/posts\/1114053\/revisions"}],"wp:featuredmedia":[{"embeddable":true,"href":"https:\/\/www.europesays.com\/de\/wp-json\/wp\/v2\/media\/1114054"}],"wp:attachment":[{"href":"https:\/\/www.europesays.com\/de\/wp-json\/wp\/v2\/media?parent=1114053"}],"wp:term":[{"taxonomy":"category","embeddable":true,"href":"https:\/\/www.europesays.com\/de\/wp-json\/wp\/v2\/categories?post=1114053"},{"taxonomy":"post_tag","embeddable":true,"href":"https:\/\/www.europesays.com\/de\/wp-json\/wp\/v2\/tags?post=1114053"}],"curies":[{"name":"wp","href":"https:\/\/api.w.org\/{rel}","templated":true}]}}