{"id":11143,"date":"2025-04-06T19:01:13","date_gmt":"2025-04-06T19:01:13","guid":{"rendered":"https:\/\/www.europesays.com\/de\/11143\/"},"modified":"2025-04-06T19:01:13","modified_gmt":"2025-04-06T19:01:13","slug":"bahnstrecke-zwischen-bremen-und-bremerhaven-wegen-brandes-gesperrt","status":"publish","type":"post","link":"https:\/\/www.europesays.com\/de\/11143\/","title":{"rendered":"Bahnstrecke zwischen Bremen und Bremerhaven wegen Brandes gesperrt"},"content":{"rendered":"<p class=\"article-toplinewrapper\">\n<p>Standdatum: 5. April 2025.<\/p>\n<p><img decoding=\"async\" class=\"image -image-with-fallback -image-rounded  lazyload\" src=\"data:image\/gif;base64,R0lGODlhEAAJAIAAAP\/\/\/\/\/\/\/yH5BAEKAAEALAAAAAAQAAkAAAIKjI+py+0Po5yUFQA7\"   alt=\"Ein Zug der Nordwestbahn f\u00e4hrt in einen Bahnhof ein.\" data-image-owner=\"dpa | Carmen Jaspersen\" data-image-title=\"Ein Zug der Nordwestbahn f\u00e4hrt in einen Bahnhof ein.\" data-image-src=\"https:\/\/www.butenunbinnen.de\/bilder\/dpa1368~_v-800x450_c-1723657558374.jpg\" data-image-rights-src=\"\/bilder\/dpa1368~_v-640x360_c-1723657558374.jpg\"\/><\/p>\n<p>Bild: dpa | Carmen Jaspersen<\/p>\n<p>Auf der Bahnstrecke zwischen Bremen und Bremerhaven hat es am Samstagnachmittag Behinderungen gegeben. Die Strecke war f\u00fcr rund eine Stunde in beide Richtungen gesperrt. Grund war ein B\u00f6schungsbrand zwischen Stubben und L\u00fcbberstedt, wie ein Bahnsprecher buten un binnen best\u00e4tigte. Regionalz\u00fcge der Nordwestbahn und G\u00fcterz\u00fcge konnten dort nicht fahren. <\/p>\n<p class=\"article-legal-agencies\"><strong>Quelle<\/strong>:<br \/>\nbuten un binnen.\n<\/p>\n<p class=\"article-legal-broadcast-reference\"><strong>Dieses Thema im Programm:<\/strong><br \/>\nBremen Zwei, Nachrichten, 5. April 2025, 16 Uhr<\/p>\n","protected":false},"excerpt":{"rendered":"Standdatum: 5. April 2025. Bild: dpa | Carmen Jaspersen Auf der Bahnstrecke zwischen Bremen und Bremerhaven hat es&hellip;\n","protected":false},"author":2,"featured_media":11144,"comment_status":"","ping_status":"","sticky":false,"template":"","format":"standard","meta":{"footnotes":""},"categories":[1824],"tags":[2420,3364,29,30,4397],"class_list":{"0":"post-11143","1":"post","2":"type-post","3":"status-publish","4":"format-standard","5":"has-post-thumbnail","7":"category-bremen","8":"tag-bremen","9":"tag-de","10":"tag-deutschland","11":"tag-germany","12":"tag-x"},"share_on_mastodon":{"url":"https:\/\/pubeurope.com\/@de\/114292567907154259","error":""},"_links":{"self":[{"href":"https:\/\/www.europesays.com\/de\/wp-json\/wp\/v2\/posts\/11143","targetHints":{"allow":["GET"]}}],"collection":[{"href":"https:\/\/www.europesays.com\/de\/wp-json\/wp\/v2\/posts"}],"about":[{"href":"https:\/\/www.europesays.com\/de\/wp-json\/wp\/v2\/types\/post"}],"author":[{"embeddable":true,"href":"https:\/\/www.europesays.com\/de\/wp-json\/wp\/v2\/users\/2"}],"replies":[{"embeddable":true,"href":"https:\/\/www.europesays.com\/de\/wp-json\/wp\/v2\/comments?post=11143"}],"version-history":[{"count":0,"href":"https:\/\/www.europesays.com\/de\/wp-json\/wp\/v2\/posts\/11143\/revisions"}],"wp:featuredmedia":[{"embeddable":true,"href":"https:\/\/www.europesays.com\/de\/wp-json\/wp\/v2\/media\/11144"}],"wp:attachment":[{"href":"https:\/\/www.europesays.com\/de\/wp-json\/wp\/v2\/media?parent=11143"}],"wp:term":[{"taxonomy":"category","embeddable":true,"href":"https:\/\/www.europesays.com\/de\/wp-json\/wp\/v2\/categories?post=11143"},{"taxonomy":"post_tag","embeddable":true,"href":"https:\/\/www.europesays.com\/de\/wp-json\/wp\/v2\/tags?post=11143"}],"curies":[{"name":"wp","href":"https:\/\/api.w.org\/{rel}","templated":true}]}}