{"id":1114302,"date":"2026-06-22T22:18:18","date_gmt":"2026-06-22T22:18:18","guid":{"rendered":"https:\/\/www.europesays.com\/de\/1114302\/"},"modified":"2026-06-22T22:18:18","modified_gmt":"2026-06-22T22:18:18","slug":"taliban-in-bruessel-belgien-erteilt-taliban-visa-fuer-eu-abschiebungsgespraeche","status":"publish","type":"post","link":"https:\/\/www.europesays.com\/de\/1114302\/","title":{"rendered":"Taliban in Br\u00fcssel: Belgien erteilt Taliban Visa f\u00fcr EU-Abschiebungsgespr\u00e4che"},"content":{"rendered":"<p class=\"paragraph article__item\">Anl\u00e4sslich einer Einladung der Europ\u00e4ischen Kommission zu Gespr\u00e4chen \u00fcber <a class=\"rtr-entity\" href=\"https:\/\/www.zeit.de\/thema\/abschiebung\" rel=\"nofollow noopener\" target=\"_blank\">Abschiebungen<\/a> nach <a href=\"https:\/\/www.zeit.de\/thema\/afghanistan\" target=\"_blank\" rel=\"nofollow noopener\">Afghanistan<\/a> hat Belgien f\u00fcnf Vertretern der radikalislamischen <a href=\"https:\/\/www.zeit.de\/thema\/taliban\" target=\"_blank\" rel=\"nofollow noopener\">Terrormiliz Taliban<\/a><br \/>\nVisa erteilt. Wie eine Sprecherin des belgischen Au\u00dfenministeriums mitteilte, sollen sie f\u00fcr einen Tag,<br \/>\nnur f\u00fcr Belgien und<br \/>\nnicht f\u00fcr den Schengen-Raum gelten.\n<\/p>\n<p class=\"paragraph article__item\">Die<br \/>\n<a href=\"https:\/\/www.zeit.de\/thema\/eu-kommission\" target=\"_blank\" rel=\"nofollow noopener\">Europ\u00e4ische Kommission<\/a> hatte die Terrormiliz zu Gespr\u00e4chen \u00fcber die Abschiebung abgelehnter Asylbewerber eingeladen, obwohl sie die Taliban-Regierung in Afghanistan nicht offiziell anerkennt. Das Ankunftsdatum der <a class=\"rtr-entity\" href=\"https:\/\/www.zeit.de\/thema\/afghanistan\" rel=\"nofollow noopener\" target=\"_blank\">Taliban<\/a> soll aus Sicherheitsgr\u00fcnden nicht ver\u00f6ffentlicht werden. Die Gespr\u00e4che<br \/>\nk\u00f6nnten nach Berichten aus Diplomatenkreisen und Medien am Dienstag in <a href=\"https:\/\/www.zeit.de\/thema\/bruessel\" target=\"_blank\" rel=\"nofollow noopener\">Br\u00fcssel <\/a>stattfinden.\n<\/p>\n<p class=\"paragraph article__item\">Die Visa seien nach einer<br \/>\nSicherheits\u00fcberpr\u00fcfung gew\u00e4hrt worden, wie eine Sprecherin des belgischen<br \/>\nAu\u00dfenministers mitteilte.\n<\/p>\n<p>            Menschenrechtsorganisationen kritisieren Abschiebungen nach Afghanistan            <\/p>\n<p class=\"paragraph article__item\">Das geplante Treffen ist umstritten. Kritiker sagen, es laufe den Werten der <a class=\"rtr-entity\" href=\"https:\/\/www.zeit.de\/thema\/europaeische-union\" rel=\"nofollow noopener\" target=\"_blank\">EU<\/a><br \/>\nzuwider.\n<\/p>\n<p class=\"paragraph article__item\">Als die Taliban 2021 wieder<br \/>\ndie Macht \u00fcbernommen hatten, haben europ\u00e4ische Regierungen, darunter die<br \/>\nBundesregierung, ihre Botschaften in Kabul geschlossen. Seit der Macht\u00fcbernahme hat sich die Menschenrechtslage in <a class=\"rtr-entity\" href=\"https:\/\/www.zeit.de\/thema\/afghanistan\" rel=\"nofollow noopener\" target=\"_blank\">Afghanistan<\/a> drastisch<br \/>\nverschlechtert. Insbesondere Frauen werden unter der Herrschaft der Taliban in<br \/>\nihrer Freiheit stark eingeschr\u00e4nkt.\n<\/p>\n<p class=\"paragraph article__item\">Die EU und ihre Mitgliedstaaten haben bestritten, dass der<br \/>\nEmpfang von Taliban-Vertretern einer Anerkennung<br \/>\nder Regierung in Afghanistan gleichkomme. EU-Innenkommissar Magnus Brunner<br \/>\nsagte, die EU habe keine andere Wahl, als mit den Taliban<br \/>\n\u00fcber die Abschiebung irregul\u00e4rer Migranten aus Afghanistan zu sprechen.\n<\/p>\n<p class=\"paragraph article__item\"><a href=\"https:\/\/www.zeit.de\/thema\/menschenrechte\" target=\"_blank\" rel=\"nofollow noopener\">Menschenrechtsorganisationen <\/a>stellen die Rechtm\u00e4\u00dfigkeit<br \/>\nund die Ethik der Abschiebung von Migranten in ein Land infrage, das sich den<br \/>\nVereinten Nationen zufolge mitten in einer schweren humanit\u00e4ren Krise befindet.\n<\/p>\n<p>            Bundesregierung will Abschiebungen nach Afghanistan verst\u00e4rken            <\/p>\n<p class=\"paragraph article__item\">Die <a href=\"https:\/\/www.zeit.de\/thema\/bundesregierung\" target=\"_blank\" rel=\"nofollow noopener\">Bundesregierung<\/a> billigt den Ausbau der inoffiziellen<br \/>\ndiplomatischen Pr\u00e4senz der Taliban in Deutschland. Sie will mehr afghanische<br \/>\nStraft\u00e4ter in ihre Heimat abschieben. Wie ein Sprecher des deutschen Ausw\u00e4rtigen<br \/>\nAmts mitteilte, schaffe die \u00bbpersonelle Verst\u00e4rkung um einige wenige afghanische<br \/>\nKonsularbeamte\u00ab hierf\u00fcr die Voraussetzung. Demnach soll die Zahl der Taliban in Deutschland \u00bbnicht mehr als vier\u00ab betragen.\n<\/p>\n<p>                            \u00a9\u00a0Lea Dohle<\/p>\n<p>\n                                        Newsletter<br \/>\n                                        Was jetzt? \u2013 Der t\u00e4gliche Morgen\u00fcberblick<\/p>\n<p class=\"newsletter-signup__text\">Starten Sie mit unserem kurzen Nachrichten-Newsletter in den Tag. Erhalten Sie zudem freitags das digitale Magazin ZEIT am Wochenende.<\/p>\n<p class=\"newsletter-signup__datapolicy\" hidden=\"\">\n            Mit Ihrer Registrierung nehmen Sie die <a href=\"https:\/\/datenschutz.zeit.de\/zon#Newsletter\" target=\"_blank\" rel=\"nofollow noopener\">Datenschutzerkl\u00e4rung<\/a> zur Kenntnis.\n        <\/p>\n<p>    Vielen Dank! Wir haben Ihnen eine E-Mail geschickt.<\/p>\n<p>Pr\u00fcfen Sie Ihr Postfach und best\u00e4tigen Sie das Newsletter-Abonnement.<\/p>\n<p class=\"paragraph article__item\">Das Bundesinnenministerium hatte am Wochenende mitgeteilt,<br \/>\ndass k\u00fcnftig bis zu drei Charterfl\u00fcge im Monat von Deutschland nach Kabul<br \/>\nfliegen sollen, um Menschen nach Afghanistan abzuschieben. Dies sei in \u00bbtechnischen<br \/>\nGespr\u00e4chen\u00ab mit den Taliban vereinbart<br \/>\nworden.\n<\/p>\n<p>Mehr zum Thema<\/p>\n<p>            Migrationspolitik in der EU        <\/p>\n<p>                <a href=\"https:\/\/www.zeit.de\/politik\/ausland\/2026-06\/migration-eu-abschiebezentren-asylpolitik-strafen-faq\" data-ct-label=\"Migration: Was bedeutet die EU-Vereinbarung zu Abschiebezentren?\" data-uuid=\"b1e61fcd-f83b-4461-95d5-3993769081f4\" rel=\"nofollow noopener\" target=\"_blank\"><\/p>\n<p>                        Migration:<br \/>\n                        Was bedeutet die EU-Vereinbarung zu Abschiebezentren?<\/p>\n<p>                <\/a><\/p>\n<p>                <a href=\"https:\/\/www.zeit.de\/politik\/ausland\/2026-06\/migrationspolitik-eu-geas-reform-asyl-5vor8\" data-ct-label=\"Migrationspolitik der EU: Die Zahlen sinken mit den Booten\" data-uuid=\"f7213bf7-bb33-4c2c-a9e7-fb291b686f0c\" rel=\"nofollow noopener\" target=\"_blank\"><\/p>\n<p>                        Migrationspolitik der EU:<br \/>\n                        Die Zahlen sinken mit den Booten<\/p>\n<p>                <\/a><\/p>\n<p>                <a href=\"https:\/\/www.zeit.de\/politik\/2026-06\/abschiebung-europa-lager-asyl-eu-bulgarien\" data-ct-label=\"Abschiebungen: In Zellen zusammengepfercht, von Kameras beobachtet \u2013 jahrelang\" data-uuid=\"2d7921c3-b5b7-484e-b81a-afadd4f7e2b5\" rel=\"nofollow noopener\" target=\"_blank\"><\/p>\n<p>        Z+ (abopflichtiger Inhalt);<\/p>\n<p>    Abschiebungen:<br \/>\n                        In Zellen zusammengepfercht, von Kameras beobachtet \u2013 jahrelang<\/p>\n<p>                <\/a><\/p>\n","protected":false},"excerpt":{"rendered":"Anl\u00e4sslich einer Einladung der Europ\u00e4ischen Kommission zu Gespr\u00e4chen \u00fcber Abschiebungen nach Afghanistan hat Belgien f\u00fcnf Vertretern der radikalislamischen&hellip;\n","protected":false},"author":2,"featured_media":1114303,"comment_status":"","ping_status":"","sticky":false,"template":"","format":"standard","meta":{"footnotes":"","_share_on_mastodon":"0"},"categories":[3933],"tags":[414,235604,7451,331,332,221254,1423,937,548,942,663,158,3934,3935,13,14,15,16,12,15451,235603,25293],"class_list":["post-1114302","post","type-post","status-publish","format-standard","has-post-thumbnail","category-eu","tag-abschiebung","tag-abschiebungsgespraech","tag-afghanistan","tag-aktuelle-nachrichten","tag-aktuelle-news","tag-artikelhuelle","tag-belgien","tag-bruessel","tag-eu","tag-eu-kommission","tag-europa","tag-europaeische-union","tag-europe","tag-european-union","tag-headlines","tag-nachrichten","tag-news","tag-politik","tag-schlagzeilen","tag-taliban","tag-taliban-in-bruessel","tag-teaser"],"share_on_mastodon":{"url":"https:\/\/pubeurope.com\/@de\/116796083864337347","error":""},"_links":{"self":[{"href":"https:\/\/www.europesays.com\/de\/wp-json\/wp\/v2\/posts\/1114302","targetHints":{"allow":["GET"]}}],"collection":[{"href":"https:\/\/www.europesays.com\/de\/wp-json\/wp\/v2\/posts"}],"about":[{"href":"https:\/\/www.europesays.com\/de\/wp-json\/wp\/v2\/types\/post"}],"author":[{"embeddable":true,"href":"https:\/\/www.europesays.com\/de\/wp-json\/wp\/v2\/users\/2"}],"replies":[{"embeddable":true,"href":"https:\/\/www.europesays.com\/de\/wp-json\/wp\/v2\/comments?post=1114302"}],"version-history":[{"count":0,"href":"https:\/\/www.europesays.com\/de\/wp-json\/wp\/v2\/posts\/1114302\/revisions"}],"wp:featuredmedia":[{"embeddable":true,"href":"https:\/\/www.europesays.com\/de\/wp-json\/wp\/v2\/media\/1114303"}],"wp:attachment":[{"href":"https:\/\/www.europesays.com\/de\/wp-json\/wp\/v2\/media?parent=1114302"}],"wp:term":[{"taxonomy":"category","embeddable":true,"href":"https:\/\/www.europesays.com\/de\/wp-json\/wp\/v2\/categories?post=1114302"},{"taxonomy":"post_tag","embeddable":true,"href":"https:\/\/www.europesays.com\/de\/wp-json\/wp\/v2\/tags?post=1114302"}],"curies":[{"name":"wp","href":"https:\/\/api.w.org\/{rel}","templated":true}]}}