{"id":1114485,"date":"2026-06-23T00:08:35","date_gmt":"2026-06-23T00:08:35","guid":{"rendered":"https:\/\/www.europesays.com\/de\/1114485\/"},"modified":"2026-06-23T00:08:35","modified_gmt":"2026-06-23T00:08:35","slug":"rb-leipzig-bestaetigt-offiziell-demichelis-wird-neuer-cheftrainer","status":"publish","type":"post","link":"https:\/\/www.europesays.com\/de\/1114485\/","title":{"rendered":"RB Leipzig best\u00e4tigt offiziell: Demichelis wird neuer Cheftrainer"},"content":{"rendered":"<p>Sch\u00e4fer lobt internationale Perspektive und Klopp treibt Transfer voran<\/p>\n<p>Wie <a href=\"https:\/\/www.fussballdaten.de\/vereine\/rb-leipzig\/\" target=\"_blank\" rel=\"nofollow noopener\">RB Leipzig o<\/a>ffiziell best\u00e4tigte, hat <a href=\"https:\/\/www.fussballdaten.de\/person\/martin-demichelis\/\" target=\"_blank\" rel=\"nofollow noopener\">Demichelis<\/a> seinen Vertrag unterschrieben. Sportgesch\u00e4ftsf\u00fchrer Marcel Sch\u00e4fer erkl\u00e4rte: \u201eMit Mart\u00edn Demichelis gewinnen wir einen Cheftrainer, der als Spieler und Trainer in Europa, S\u00fcdamerika und Nordamerika auf h\u00f6chstem Niveau Erfahrungen gesammelt hat. Diese internationale Perspektive passt hervorragend zu RB Leipzig und seiner globalen Ausrichtung.<\/p>\n<p class=\"mb20 mt30\">Mart\u00edn verbindet eine klare Spielphilosophie mit hoher Intensit\u00e4t und fachlicher Expertise. Wir sind \u00fcberzeugt, dass er unserem Team wichtige Impulse geben und die Erfolgsgeschichte des Klubs ma\u00dfgeblich mitpr\u00e4gen wird.&#8220; J\u00fcrgen Klopp, in seiner Rolle als globaler Fu\u00dfballchef bei Red Bull, soll den Transfer intern ma\u00dfgeblich vorangetrieben haben.<\/p>\n<p class=\"mb20 mt30\">Demichelis hatte zuletzt RCD Mallorca in der spanischen La Liga trainiert, die er im M\u00e4rz 2026 durch Aktivierung einer Ausstiegsklausel verlie\u00df. Die Vereinsf\u00fchrung in Palma soll erst durch einen Medienbericht von seinem Abgangsplan erfahren haben. Zuvor hatte er Karrierestationen als Trainer bei River Plate in Argentinien und CF Monterrey in Mexiko gesammelt. Als Co-Trainer und Jugendcoach war er jahrelang beim FC Bayern M\u00fcnchen t\u00e4tig.<\/p>\n<p>Werner geht trotz Erfolg und Demichelis als Wette auf die Zukunft<\/p>\n<p class=\"mb20 mt30\">Ole Werner hatte Leipzig in seiner ersten Saison als Cheftrainer zur\u00fcck in die Champions League gef\u00fchrt, Sky hatte zuletzt dennoch \u00fcber ein bevorstehendes Ende seiner Amtszeit berichtet. Nun ist es offiziell. F\u00fcr Leipzig ist die Wahl von Demichelis ein mutiger Schritt.<\/p>\n<p class=\"mb20 mt30\">Der 45-J\u00e4hrige ist als Cheftrainer noch nicht auf allerh\u00f6chstem Niveau etabliert, bringt aber eine klare Handschrift und das Vertrauen von Klopp mit. Ob die Red-Bull-Wette aufgeht, werden die ersten Bundesliga-Monate der neuen Saison zeigen.<\/p>\n","protected":false},"excerpt":{"rendered":"Sch\u00e4fer lobt internationale Perspektive und Klopp treibt Transfer voran Wie RB Leipzig offiziell best\u00e4tigte, hat Demichelis seinen Vertrag&hellip;\n","protected":false},"author":2,"featured_media":1114486,"comment_status":"","ping_status":"","sticky":false,"template":"","format":"standard","meta":{"footnotes":"","_share_on_mastodon":"0"},"categories":[1832],"tags":[38700,299,23735,3364,231369,29,7847,347,30,71,9220,26191,859],"class_list":["post-1114485","post","type-post","status-publish","format-standard","has-post-thumbnail","category-leipzig","tag-bestaetigt","tag-bundesliga","tag-cheftrainer","tag-de","tag-demichelis","tag-deutschland","tag-football","tag-fussball","tag-germany","tag-leipzig","tag-neuer","tag-offiziell","tag-sachsen"],"share_on_mastodon":{"url":"https:\/\/pubeurope.com\/@de\/116796516454008874","error":""},"_links":{"self":[{"href":"https:\/\/www.europesays.com\/de\/wp-json\/wp\/v2\/posts\/1114485","targetHints":{"allow":["GET"]}}],"collection":[{"href":"https:\/\/www.europesays.com\/de\/wp-json\/wp\/v2\/posts"}],"about":[{"href":"https:\/\/www.europesays.com\/de\/wp-json\/wp\/v2\/types\/post"}],"author":[{"embeddable":true,"href":"https:\/\/www.europesays.com\/de\/wp-json\/wp\/v2\/users\/2"}],"replies":[{"embeddable":true,"href":"https:\/\/www.europesays.com\/de\/wp-json\/wp\/v2\/comments?post=1114485"}],"version-history":[{"count":0,"href":"https:\/\/www.europesays.com\/de\/wp-json\/wp\/v2\/posts\/1114485\/revisions"}],"wp:featuredmedia":[{"embeddable":true,"href":"https:\/\/www.europesays.com\/de\/wp-json\/wp\/v2\/media\/1114486"}],"wp:attachment":[{"href":"https:\/\/www.europesays.com\/de\/wp-json\/wp\/v2\/media?parent=1114485"}],"wp:term":[{"taxonomy":"category","embeddable":true,"href":"https:\/\/www.europesays.com\/de\/wp-json\/wp\/v2\/categories?post=1114485"},{"taxonomy":"post_tag","embeddable":true,"href":"https:\/\/www.europesays.com\/de\/wp-json\/wp\/v2\/tags?post=1114485"}],"curies":[{"name":"wp","href":"https:\/\/api.w.org\/{rel}","templated":true}]}}