{"id":1114517,"date":"2026-06-23T00:25:29","date_gmt":"2026-06-23T00:25:29","guid":{"rendered":"https:\/\/www.europesays.com\/de\/1114517\/"},"modified":"2026-06-23T00:25:29","modified_gmt":"2026-06-23T00:25:29","slug":"leute-tausende-fans-feiern-tom-holland-und-zendaya-in-berlin","status":"publish","type":"post","link":"https:\/\/www.europesays.com\/de\/1114517\/","title":{"rendered":"Leute: Tausende Fans feiern Tom Holland und Zendaya in Berlin"},"content":{"rendered":"<p class=\"mb-6 text-xs-varying md:text-m lg:text-l font-serif group-[.font-sans]:font-sans \">\n    Einige kamen im \u201eSpider-Man\u201c-Anzug, andere kreischten und z\u00fcckten ihr Handy f\u00fcr ein Selfie: Umgeben von Tausenden Fans haben die Hollywood-Schauspieler Zendaya (29) und Tom Holland (30) in Berlin einen ersten Vorgeschmack auf den neuen \u201eSpider-Man\u201c-Film gegeben. Bereits Stunden vor dem Auftritt versammelten sich Menschen trotz teils praller Sonne bei dem Fan-Event an der Uber-Arena.\n  <\/p>\n<p class=\"mb-6 text-xs-varying md:text-m lg:text-l font-serif group-[.font-sans]:font-sans \">\n    Dort nahmen sich die Schauspieler, die privat ein Paar sind, Zeit f\u00fcr ihre Fans, machten Fotos mit ihnen und gaben Autogramme. Die Veranstalter sprachen von rund 5.000 Menschen vor Ort. Auf Plakaten waren Spr\u00fcche wie \u201eI adore you\u201c (\u201eIch bewundere dich\u201c) oder \u201eThe only spider I&#8217;m not afraid of\u201c (\u201eDie einzige Spinne, vor der ich keine Angst habe\u201c) zu lesen. Fu\u00dfballstar Lukas Podolski kam zum Torwandschie\u00dfen auf dem Areal vorbei.\n  <\/p>\n<p class=\"mb-6 text-xs-varying md:text-m lg:text-l font-serif group-[.font-sans]:font-sans \">\n    \u201eSpider-Man: Brand New Day\u201c startet zwar erst am 29. Juli in den deutschen Kinos, Holland und Zendaya sind aber jetzt schon auf Pressetour. Der Film selbst wurde in Berlin allerdings nicht gezeigt. F\u00fcr Hauptdarsteller Holland ist es der vierte \u201eSpider-Man\u201c Film. \u201eDie gesamte Produktion war ein Traum. Einige Schauspieler kamen zur\u00fcck, neue kamen hinzu. Sie waren alle fantastisch.\u201c, sagte er der Deutschen Presse-Agentur.\n  <\/p>\n<p>            Darum geht es in dem neuen \u201eSpider-Man\u201c-Film<\/p>\n<p class=\"mb-6 text-xs-varying md:text-m lg:text-l font-serif group-[.font-sans]:font-sans \">\n    In dem neuen Superhelden-Film, der mit zweieinhalb Stunden der l\u00e4ngste Streifen aus der Reihe ist, muss Holland als Peter Parker erneut gegen einen Widersacher k\u00e4mpfen, und das in einer Welt, die sich nicht mehr an ihn erinnert. Mit dabei ist wieder Zendaya als MJ. Zuletzt hatten Ger\u00fcchte \u00fcber eine Hochzeit der Hollywood-Stars f\u00fcr Aufsehen gesorgt.\n  <\/p>\n<p class=\"mb-6 text-xs-varying md:text-m lg:text-l font-serif group-[.font-sans]:font-sans \">\n    Auch Mark Ruffalo als Bruce Banner und Jon Bernthal als Punisher sind Teil des Casts. Zudem spielt \u201eStranger Things\u201c-Star Sadie Sink mit. Mit dem Vorg\u00e4ngerfilm \u201eSpider-Man: No Way Home\u201c aus dem Jahr 2021 gelang ein Superhit, der weltweit Milliarden einspielte.\n  <\/p>\n<p>    <img decoding=\"async\" src=\"https:\/\/www.europesays.com\/de\/wp-content\/uploads\/2026\/06\/fan-event-spider-man-brand-new-day.jpg\" alt=\"Zendaya nahm sich Zeit f\u00fcr ihre Fans.\" title=\"Zendaya nahm sich Zeit f\u00fcr ihre Fans.\" loading=\"lazy\" class=\"h-full w-full object-cover\"\/><\/p>\n<p>      Icon vergr\u00f6\u00dfern<\/p>\n<p>    Zendaya nahm sich Zeit f\u00fcr ihre Fans.<br \/>\n    Foto: Christoph Soeder\/dpa<\/p>\n<p>        Schlie\u00dfen <\/p>\n<p>      Icon Schlie\u00dfen<\/p>\n<p>        Icon vergr\u00f6\u00dfern<\/p>\n<p>        Icon verkleinern<\/p>\n<p>      Icon Pfeil bewegen<\/p>\n<p>    Zendaya nahm sich Zeit f\u00fcr ihre Fans.<br \/>\n    Foto: Christoph Soeder\/dpa<\/p>\n<p>    <img decoding=\"async\" src=\"https:\/\/www.europesays.com\/de\/wp-content\/uploads\/2026\/06\/vor-dem-fan-event-spider-man-brand-new-day.jpg\" alt=\"Tom Holland und Zendaya kamen f\u00fcr ein Fanevent nach Berlin.\" title=\"Tom Holland und Zendaya kamen f\u00fcr ein Fanevent nach Berlin.\" loading=\"lazy\" class=\"h-full w-full object-cover\"\/><\/p>\n<p>      Icon vergr\u00f6\u00dfern<\/p>\n<p>    Tom Holland und Zendaya kamen f\u00fcr ein Fanevent nach Berlin.<br \/>\n    Foto: Christoph Soeder\/dpa<\/p>\n<p>        Schlie\u00dfen <\/p>\n<p>      Icon Schlie\u00dfen<\/p>\n<p>        Icon vergr\u00f6\u00dfern<\/p>\n<p>        Icon verkleinern<\/p>\n<p>      Icon Pfeil bewegen<\/p>\n<p>    Tom Holland und Zendaya kamen f\u00fcr ein Fanevent nach Berlin.<br \/>\n    Foto: Christoph Soeder\/dpa<\/p>\n<p>    <img decoding=\"async\" src=\"https:\/\/www.europesays.com\/de\/wp-content\/uploads\/2026\/06\/1782174329_403_fan-event-spider-man-brand-new-day.jpg\" alt=\"Autogramme und Selfies: Tom Holland in Berlin.\" title=\"Autogramme und Selfies: Tom Holland in Berlin.\" loading=\"lazy\" class=\"h-full w-full object-cover\"\/><\/p>\n<p>      Icon vergr\u00f6\u00dfern<\/p>\n<p>    Autogramme und Selfies: Tom Holland in Berlin.<br \/>\n    Foto: Christoph Soeder\/dpa<\/p>\n<p>        Schlie\u00dfen <\/p>\n<p>      Icon Schlie\u00dfen<\/p>\n<p>        Icon vergr\u00f6\u00dfern<\/p>\n<p>        Icon verkleinern<\/p>\n<p>      Icon Pfeil bewegen<\/p>\n<p>    Autogramme und Selfies: Tom Holland in Berlin.<br \/>\n    Foto: Christoph Soeder\/dpa<\/p>\n<p>    <img decoding=\"async\" src=\"https:\/\/www.europesays.com\/de\/wp-content\/uploads\/2026\/06\/1782174329_466_vor-dem-fan-event-spider-man-brand-new-day.jpg\" alt=\"Nicht nur im Film ein Paar: Tom Holland und Zendaya.\" title=\"Nicht nur im Film ein Paar: Tom Holland und Zendaya.\" loading=\"lazy\" class=\"h-full w-full object-cover\"\/><\/p>\n<p>      Icon vergr\u00f6\u00dfern<\/p>\n<p>    Nicht nur im Film ein Paar: Tom Holland und Zendaya.<br \/>\n    Foto: Christoph Soeder\/dpa<\/p>\n<p>        Schlie\u00dfen <\/p>\n<p>      Icon Schlie\u00dfen<\/p>\n<p>        Icon vergr\u00f6\u00dfern<\/p>\n<p>        Icon verkleinern<\/p>\n<p>      Icon Pfeil bewegen<\/p>\n<p>    Nicht nur im Film ein Paar: Tom Holland und Zendaya.<br \/>\n    Foto: Christoph Soeder\/dpa<\/p>\n","protected":false},"excerpt":{"rendered":"Einige kamen im \u201eSpider-Man\u201c-Anzug, andere kreischten und z\u00fcckten ihr Handy f\u00fcr ein Selfie: Umgeben von Tausenden Fans haben&hellip;\n","protected":false},"author":2,"featured_media":1114518,"comment_status":"","ping_status":"","sticky":false,"template":"","format":"standard","meta":{"footnotes":"","_share_on_mastodon":"0"},"categories":[1825],"tags":[296,235653,2520,29,80190,30,46495,108051,235652,235654,81441,72212],"class_list":["post-1114517","post","type-post","status-publish","format-standard","has-post-thumbnail","category-berlin","tag-berlin","tag-bruce-banner","tag-deutsche-presse-agentur","tag-deutschland","tag-gekreische","tag-germany","tag-lukas-podolski","tag-mark-ruffalo","tag-peter-parker","tag-sadie-sink","tag-stranger-things","tag-tom-holland"],"share_on_mastodon":{"url":"https:\/\/pubeurope.com\/@de\/116796583623279876","error":""},"_links":{"self":[{"href":"https:\/\/www.europesays.com\/de\/wp-json\/wp\/v2\/posts\/1114517","targetHints":{"allow":["GET"]}}],"collection":[{"href":"https:\/\/www.europesays.com\/de\/wp-json\/wp\/v2\/posts"}],"about":[{"href":"https:\/\/www.europesays.com\/de\/wp-json\/wp\/v2\/types\/post"}],"author":[{"embeddable":true,"href":"https:\/\/www.europesays.com\/de\/wp-json\/wp\/v2\/users\/2"}],"replies":[{"embeddable":true,"href":"https:\/\/www.europesays.com\/de\/wp-json\/wp\/v2\/comments?post=1114517"}],"version-history":[{"count":0,"href":"https:\/\/www.europesays.com\/de\/wp-json\/wp\/v2\/posts\/1114517\/revisions"}],"wp:featuredmedia":[{"embeddable":true,"href":"https:\/\/www.europesays.com\/de\/wp-json\/wp\/v2\/media\/1114518"}],"wp:attachment":[{"href":"https:\/\/www.europesays.com\/de\/wp-json\/wp\/v2\/media?parent=1114517"}],"wp:term":[{"taxonomy":"category","embeddable":true,"href":"https:\/\/www.europesays.com\/de\/wp-json\/wp\/v2\/categories?post=1114517"},{"taxonomy":"post_tag","embeddable":true,"href":"https:\/\/www.europesays.com\/de\/wp-json\/wp\/v2\/tags?post=1114517"}],"curies":[{"name":"wp","href":"https:\/\/api.w.org\/{rel}","templated":true}]}}