{"id":1114595,"date":"2026-06-23T01:13:41","date_gmt":"2026-06-23T01:13:41","guid":{"rendered":"https:\/\/www.europesays.com\/de\/1114595\/"},"modified":"2026-06-23T01:13:41","modified_gmt":"2026-06-23T01:13:41","slug":"gregor-gysi-linkenpolitiker-rechtfertigt-hohe-nebeneinkuenfte","status":"publish","type":"post","link":"https:\/\/www.europesays.com\/de\/1114595\/","title":{"rendered":"Gregor Gysi: Linkenpolitiker rechtfertigt hohe Nebeneink\u00fcnfte"},"content":{"rendered":"<p>&#8222;Ich arbeite eben viel&#8220; <\/p>\n<p>So erkl\u00e4rt Gregor Gysi seine hohen Nebeneink\u00fcnfte<\/p>\n<p>22.06.2026 &#8211; 20:12 UhrLesedauer: 2 Min.<\/p>\n<p><a href=\"#focus-0\" class=\"transition-colors block text-current relative\" data-sctrack=\"FocusGalleryImage.Reference\"><img fetchpriority=\"high\" data-testid=\"Opener.Image\"   loading=\"eager\" src=\"https:\/\/www.europesays.com\/de\/wp-content\/uploads\/2026\/06\/der-linken-abgeordnete-gregor-gysi-archivbild.jpg\" alt=\"imago images 0780619785\" title=\"imago images 0780619785\" width=\"2985\" height=\"1679\" class=\"bg-[url:var(--lqipURL)] bg-cover bg-center flex h-full w-full max-w-full\" style=\"--lqipURL:url('https:\/\/images.t-online.de\/2025\/01\/suTtW7lis1gS\/1015x370:2985x1679\/fit-in\/150x0\/filters:blur(25)\/der-linken-abgeordnete-gregor-gysi-archivbild.jpg')\" decoding=\"async\"\/><img loading=\"lazy\" src=\"https:\/\/www.t-online.de\/s\/paper\/_next\/static\/media\/zoom-in.f7dae02f.svg\" alt=\"Vergr\u00f6\u00dfern des Bildes\" title=\"Vergr\u00f6\u00dfern des Bildes\" class=\"block h-[calc(var(--height)_\/_16_*_1rem)] w-[calc(var(--width)_\/_16_*_1rem)] max-w-none absolute right-8 bottom-8 rounded-4 bg-snow p-8\" style=\"--width:32;--height:32\" decoding=\"async\"\/><\/a><\/p>\n<p>Der Linkenpolitiker Gregor Gysi (Archivbild): Voriges Jahr nahm er 214.424,59 Euro durch Nebent\u00e4tigkeiten ein \u2013 mehr als jeder andere Bundestagsabgeordnete. (Quelle: IMAGO\/J\u00fcrgen Heinrich)<\/p>\n<p><img loading=\"lazy\" src=\"https:\/\/www.t-online.de\/s\/paper\/_next\/static\/media\/audio-volume.6689034c.svg\" alt=\"\" title=\"\" class=\"block h-[calc(var(--height)_\/_16_*_1rem)] w-[calc(var(--width)_\/_16_*_1rem)] max-w-none group-hover:brightness-0 group-hover:invert\" style=\"--width:16;--height:16\" decoding=\"async\"\/>Vorlesen<\/p>\n<p>Aktuelle Zeit:0:00Gesamtdauer:0:00<\/p>\n<p>1x<\/p>\n<p class=\"text-center\">Jetzt neu bei t-online:<\/p>\n<p class=\"text-center\">Schriftgr\u00f6\u00dfe anpassen!<\/p>\n<p><img loading=\"lazy\" src=\"https:\/\/www.t-online.de\/s\/paper\/_next\/static\/media\/font-sizes.32942e33.svg\" alt=\"\" title=\"\" class=\"block h-[calc(var(--height)_\/_16_*_1rem)] w-[calc(var(--width)_\/_16_*_1rem)] max-w-none group-hover:hidden group-aria-expanded:hidden\" style=\"--width:16;--height:16\" decoding=\"async\"\/><img loading=\"lazy\" src=\"https:\/\/www.t-online.de\/s\/paper\/_next\/static\/media\/font-sizes-dark-mode.e382645c.svg\" alt=\"\" title=\"\" class=\"block h-[calc(var(--height)_\/_16_*_1rem)] w-[calc(var(--width)_\/_16_*_1rem)] max-w-none hidden group-hover:block group-aria-expanded:block\" style=\"--width:16;--height:16\" decoding=\"async\"\/><img loading=\"lazy\" src=\"https:\/\/www.t-online.de\/s\/paper\/_next\/static\/media\/sharing-menu-icon.1eb71368.svg\" alt=\"\" title=\"\" class=\"block h-[calc(var(--height)_\/_16_*_1rem)] w-[calc(var(--width)_\/_16_*_1rem)] max-w-none group-hover:brightness-0 group-hover:invert\" style=\"--width:16;--height:16\" decoding=\"async\"\/>Artikel teilen<\/p>\n<p class=\"font-bold text-18 leading-17 user-text-lg:text-22 user-text-xl:text-24\">Kein Bundestagsabgeordneter verdient mit Reden und Vortr\u00e4gen soviel Geld wie Gregor Gysi. Daf\u00fcr l\u00e4sst der Linkenpolitiker auch Abstimmungen sausen.<\/p>\n<p class=\"text-18 leading-17 user-text-lg:text-22 user-text-xl:text-24\">Kein Bundestagsabgeordneter verdient so viel Geld mit B\u00fchnenauftritten wie <a href=\"https:\/\/www.t-online.de\/themen\/gregor-gysi\/\" class=\"transition-colors cursor-pointer no-underline md:hover:text-magenta md:focus:text-magenta border-b border-solid border-current text-salemsfur md:hover:border-magenta\" data-tracking=\"{&quot;action&quot;:&quot;click&quot;,&quot;category&quot;:&quot;intextLink&quot;,&quot;label&quot;:&quot;\/themen\/gregor-gysi\/&quot;}\" data-sctrack=\"BodyAnchor\" rel=\"nofollow noopener\" target=\"_blank\">Gregor Gysi<\/a>. Der Linkenpolitiker hat mit seinen bezahlten T\u00e4tigkeiten abseits des Parlaments innerhalb eines Jahres insgesamt rund eine Viertelmillion Euro eingenommen. Das zeigt eine Auswertung des &#8222;Spiegel&#8220; gemeinsam mit der Transparenzinitiative Abgeordnetenwatch.<\/p>\n<p class=\"text-18 leading-17 user-text-lg:text-22 user-text-xl:text-24\">Allein mit Auftritten als Vortragsredner, Talkgast, Moderator nahm Gysi demnach 214.424,59 Euro ein. Nur zwei weitere Abgeordnete haben demnach ebenfalls verg\u00fctete Reden gemeldet: Die CDU-Politikerin <a href=\"https:\/\/www.t-online.de\/themen\/caroline-bosbach\/\" class=\"transition-colors cursor-pointer no-underline md:hover:text-magenta md:focus:text-magenta border-b border-solid border-current text-salemsfur md:hover:border-magenta\" data-tracking=\"{&quot;action&quot;:&quot;click&quot;,&quot;category&quot;:&quot;intextLink&quot;,&quot;label&quot;:&quot;\/themen\/caroline-bosbach\/&quot;}\" data-sctrack=\"BodyAnchor\" rel=\"nofollow noopener\" target=\"_blank\">Caroline Bosbach<\/a> erhielt f\u00fcr zehn Vortr\u00e4ge insgesamt 40.300 Euro, ihre Parteifreundin Elisabeth Winkelmeier-Becker bekam 1.190 Euro f\u00fcr einen Vortrag.<\/p>\n<p>Gysi schw\u00e4nzt Plenarsitzungen f\u00fcr Engagements<\/p>\n<p class=\"text-18 leading-17 user-text-lg:text-22 user-text-xl:text-24\">Kritik am Ausma\u00df seiner Nebent\u00e4tigkeiten \u2013 73 bezahlte Auftritte in knapp 15 Monaten \u2013 weist Gysi zur\u00fcck. &#8222;Meine Nebent\u00e4tigkeiten beeintr\u00e4chtigen meine Abgeordnetent\u00e4tigkeit nicht&#8220;, sagte er dem &#8222;Spiegel&#8220;. &#8222;Ich arbeite eben viel, was auch pers\u00f6nliche Gr\u00fcnde hat.&#8220;<\/p>\n<p class=\"text-18 leading-17 user-text-lg:text-22 user-text-xl:text-24\">Gysi rechnete vor, wie viel Geld er von den Nebeneink\u00fcnften behalte. Seine T\u00e4tigkeit als Rechtsanwalt sei ein Minusgesch\u00e4ft, &#8222;weil mein Anteil an den Betriebskosten weit \u00fcber meinen Einnahmen lag&#8220;. Das Finanzamt setze diesen Minusbetrag ab, sodass Nebeneinnahmen in H\u00f6he von 202.097,15 Euro verblieben. Zudem gibt er an, seiner Partei monatlich 3.000 Euro an Spenden und Beitr\u00e4gen zu zahlen sowie rund 2.000 Euro f\u00fcr wohlt\u00e4tige Zwecke zu spenden. Am Ende behalte er von Di\u00e4ten und Nebeneink\u00fcnften letztlich ein <a href=\"https:\/\/www.t-online.de\/themen\/nettoeinkommen\/\" class=\"transition-colors cursor-pointer no-underline md:hover:text-magenta md:focus:text-magenta border-b border-solid border-current text-salemsfur md:hover:border-magenta\" data-tracking=\"{&quot;action&quot;:&quot;click&quot;,&quot;category&quot;:&quot;intextLink&quot;,&quot;label&quot;:&quot;\/themen\/nettoeinkommen\/&quot;}\" data-sctrack=\"BodyAnchor\" rel=\"nofollow noopener\" target=\"_blank\">Nettoeinkommen<\/a> von 11.051,36 Euro.<\/p>\n<p class=\"text-18 leading-17 user-text-lg:text-22 user-text-xl:text-24\">F\u00fcr seine zahlreichen au\u00dferparlamentarischen Engagements hat Gysi Plenarsitzungen geschw\u00e4nzt. Im Bundestag hielt er bislang f\u00fcnf Reden, bei 26 von 57 namentlichen Abstimmungen fehlte er. Das bedauere er, sagte Gysi, und f\u00fchrte als Grund die vorgezogene <a href=\"https:\/\/www.t-online.de\/nachrichten\/deutschland\/bundestagswahl\/\" class=\"transition-colors cursor-pointer no-underline md:hover:text-magenta md:focus:text-magenta border-b border-solid border-current text-salemsfur md:hover:border-magenta\" data-tracking=\"{&quot;action&quot;:&quot;click&quot;,&quot;category&quot;:&quot;intextLink&quot;,&quot;label&quot;:&quot;\/nachrichten\/deutschland\/bundestagswahl\/&quot;}\" data-sctrack=\"BodyAnchor\" rel=\"nofollow noopener\" target=\"_blank\">Bundestagswahl<\/a> an. Die Termine seiner Veranstaltungen im Jahr 2025 seien im Jahr zuvor geplant worden, das Ampel-Aus habe das durcheinandergebracht. Nun werde alles besser: &#8222;So werden Sie erleben, dass ich 2026 weitaus weniger fehle.&#8220;<\/p>\n","protected":false},"excerpt":{"rendered":"&#8222;Ich arbeite eben viel&#8220; So erkl\u00e4rt Gregor Gysi seine hohen Nebeneink\u00fcnfte 22.06.2026 &#8211; 20:12 UhrLesedauer: 2 Min. Der&hellip;\n","protected":false},"author":2,"featured_media":1114596,"comment_status":"","ping_status":"","sticky":false,"template":"","format":"standard","meta":{"footnotes":"","_share_on_mastodon":"0"},"categories":[5],"tags":[326,331,332,1180,60682,89549,31,3364,29,30,2494,13,14,191995,209323,15,12,20270],"class_list":["post-1114595","post","type-post","status-publish","format-standard","has-post-thumbnail","category-nachrichten","tag-326","tag-aktuelle-nachrichten","tag-aktuelle-news","tag-bundestag","tag-bundestagsabgeordnete","tag-caroline-bosbach","tag-cdu","tag-de","tag-deutschland","tag-germany","tag-gregor-gysi","tag-headlines","tag-nachrichten","tag-nebeneinkuenfte","tag-nebentaetigkeit","tag-news","tag-schlagzeilen","tag-vortrag"],"share_on_mastodon":{"url":"https:\/\/pubeurope.com\/@de\/116796773806028372","error":""},"_links":{"self":[{"href":"https:\/\/www.europesays.com\/de\/wp-json\/wp\/v2\/posts\/1114595","targetHints":{"allow":["GET"]}}],"collection":[{"href":"https:\/\/www.europesays.com\/de\/wp-json\/wp\/v2\/posts"}],"about":[{"href":"https:\/\/www.europesays.com\/de\/wp-json\/wp\/v2\/types\/post"}],"author":[{"embeddable":true,"href":"https:\/\/www.europesays.com\/de\/wp-json\/wp\/v2\/users\/2"}],"replies":[{"embeddable":true,"href":"https:\/\/www.europesays.com\/de\/wp-json\/wp\/v2\/comments?post=1114595"}],"version-history":[{"count":0,"href":"https:\/\/www.europesays.com\/de\/wp-json\/wp\/v2\/posts\/1114595\/revisions"}],"wp:featuredmedia":[{"embeddable":true,"href":"https:\/\/www.europesays.com\/de\/wp-json\/wp\/v2\/media\/1114596"}],"wp:attachment":[{"href":"https:\/\/www.europesays.com\/de\/wp-json\/wp\/v2\/media?parent=1114595"}],"wp:term":[{"taxonomy":"category","embeddable":true,"href":"https:\/\/www.europesays.com\/de\/wp-json\/wp\/v2\/categories?post=1114595"},{"taxonomy":"post_tag","embeddable":true,"href":"https:\/\/www.europesays.com\/de\/wp-json\/wp\/v2\/tags?post=1114595"}],"curies":[{"name":"wp","href":"https:\/\/api.w.org\/{rel}","templated":true}]}}