{"id":1114776,"date":"2026-06-23T03:07:44","date_gmt":"2026-06-23T03:07:44","guid":{"rendered":"https:\/\/www.europesays.com\/de\/1114776\/"},"modified":"2026-06-23T03:07:44","modified_gmt":"2026-06-23T03:07:44","slug":"fussball-bundesliga-nachfolger-von-werner-demichelis-neuer-coach-in-leipzig","status":"publish","type":"post","link":"https:\/\/www.europesays.com\/de\/1114776\/","title":{"rendered":"Fu\u00dfball-Bundesliga: Nachfolger von Werner: Demichelis neuer Coach in Leipzig"},"content":{"rendered":"<p class=\"paragraph article__item\">RB Leipzig hat Mart\u00edn Demichelis als neuen Trainer verpflichtet. Der 45 Jahre alte Argentinier wird Nachfolger von <a class=\"rtr-entity\" href=\"https:\/\/www.zeit.de\/thema\/ole-werner\" rel=\"nofollow noopener\" target=\"_blank\">Ole Werner<\/a> und erh\u00e4lt einen Zweijahresvertrag, wie der Fu\u00dfball-Bundesligist mitteilte. Werner hatte die Sachsen als Tabellen-Dritten zwar in die Champions League gef\u00fchrt, musste nach internen Differenzen aber trotzdem nach nur einj\u00e4hriger Amtszeit gehen.\u00a0\n<\/p>\n<p>Aktuelles<\/p>\n<p>                <a href=\"https:\/\/www.zeit.de\/sport\/2026-06\/martin-demichelis-rb-leipzig-trainer-ole-werner\" data-ct-label=\"Mart\u00edn Demichelis: Mart\u00edn Demichelis wird neuer Cheftrainer von RB Leipzig\" data-uuid=\"298cd958-3cc1-48d6-af1d-be6197900459\" rel=\"nofollow noopener\" target=\"_blank\"><\/p>\n<p>                        Mart\u00edn Demichelis:<br \/>\n                        Mart\u00edn Demichelis wird neuer Cheftrainer von RB Leipzig<\/p>\n<p>                <\/a><\/p>\n<p>                <a href=\"https:\/\/www.zeit.de\/sport\/2026-06\/rb-leipzig-ole-werner-trainer-trennung\" data-ct-label=\"RB Leipzig: RB Leipzig trennt sich von Trainer Ole Werner\" data-uuid=\"275bd105-ee9d-4864-8957-c63741b5f4af\" rel=\"nofollow noopener\" target=\"_blank\"><\/p>\n<p>                        RB Leipzig:<br \/>\n                        RB Leipzig trennt sich von Trainer Ole Werner<\/p>\n<p>                <\/a><\/p>\n<p>                <a href=\"https:\/\/www.zeit.de\/sport\/2026-06\/fussball-wm-bester-spieler-gewinner-tipp\" data-ct-label=\"Fu\u00dfball-WM 2026: Wer wird Weltmeister? Und wer wird entt\u00e4uschen?\" data-uuid=\"440a2c64-5332-4f2d-9aa5-56c2c15f7748\" rel=\"nofollow noopener\" target=\"_blank\"><\/p>\n<p>        Z+ (abopflichtiger Inhalt);<\/p>\n<p>    Fu\u00dfball-WM 2026:<br \/>\n                        Wer wird Weltmeister? Und wer wird entt\u00e4uschen?<\/p>\n<p>                <\/a><\/p>\n<p class=\"paragraph article__item\">Der fr\u00fchere Bayern-Profi Demichelis war zuletzt bei RCD Mallorca in der spanischen Liga t\u00e4tig. Er hatte seinen Vertrag nach dem Abstieg mit dem Club zun\u00e4chst verl\u00e4ngert. Er soll von einer Ausstiegsklausel in H\u00f6he von rund 2,5 Millionen Euro Gebrauch gemacht haben. Der fr\u00fchere Abwehrspieler gilt als Wunschl\u00f6sung des globalen RB-Fu\u00dfball-Chefs J\u00fcrgen Klopp, der mit seinem Beraterteam entscheidend eine \u00c4nderung beim Red-Bull-Vorzeigeclub in <a class=\"rtr-entity\" href=\"https:\/\/www.zeit.de\/thema\/leipzig\" rel=\"nofollow noopener\" target=\"_blank\">Leipzig<\/a> forciert hatte.\n<\/p>\n<p>                        Demichelis: Gro\u00dfer Respekt f\u00fcr bisherige Arbeit            <\/p>\n<p class=\"paragraph article__item\">\u00abMart\u00edn verbindet eine klare Spielidee mit hoher Intensit\u00e4t und fachlicher Kompetenz\u00bb, sagte <a class=\"rtr-entity\" href=\"https:\/\/www.zeit.de\/thema\/rb-leipzig\" rel=\"nofollow noopener\" target=\"_blank\">RB Leipzigs<\/a> Sport-Gesch\u00e4ftsf\u00fchrer Marcel Sch\u00e4fer. Der 42 Jahre alte Sportchef verwies zudem auf die internationalen Erfahrungen mit Trainerstationen auch in Argentinien und Mexiko.\n<\/p>\n<p class=\"paragraph article__item\">Demichelis nannte RB Leipzig einen ambitionierten Club mit einer klaren Idee, herausragenden Talenten und dem Anspruch, sich auf h\u00f6chstem Niveau kontinuierlich weiterzuentwickeln. \u00abGenau diese Herausforderung hat mich gereizt\u00bb, sagte er in der Vereinsmitteilung.\n<\/p>\n<p>                An dieser Stelle ist ein externer Inhalt eingebunden<\/p>\n<p>Zum Anschauen ben\u00f6tigen wir Ihre Zustimmung<\/p>\n<p>\n                Weiter\n            <\/p>\n<p class=\"paragraph article__item\">Ohne Vorg\u00e4nger Werner zu nennen, betonte er: \u00abIch komme mit gro\u00dfem Respekt f\u00fcr die Arbeit, die hier geleistet wurde. Darauf m\u00f6chte ich aufbauen und gemeinsam mit dem Team den eingeschlagenen Weg weitergehen.\u00bb Demichelis will nun eine Mannschaft formen, \u00abdie mutigen, intensiven und attraktiven Fu\u00dfball spielt, Verantwortung \u00fcbernimmt und die Menschen in Leipzig mit ihrer Leidenschaft begeistert\u00bb.\n<\/p>\n<p>            Meistertitel mit River Plate            <\/p>\n<p class=\"paragraph article__item\">In M\u00fcnchen wurde er zwischen 2003 und 2010 jeweils viermal deutscher Meister und DFB-Pokalsieger. Insgesamt lief Demichelis 259 Mal f\u00fcr den deutschen Rekordmeister auf. Der 51-malige Nationalspieler bestritt 2014 mit Argentinien das WM-Finale, das 0:1 gegen die DFB-Auswahl verloren ging.\n<\/p>\n<p class=\"paragraph article__item\">Bei seiner ersten Cheftrainerstation bei der U19 des <a class=\"rtr-entity\" href=\"https:\/\/www.zeit.de\/thema\/fc-bayern-muenchen\" rel=\"nofollow noopener\" target=\"_blank\">FC Bayern<\/a> beerbte er Sebastian Hoene\u00df, ehe er die Bayern-Reserve \u00fcbernahm und aus der 3. Liga abstieg. Vorzeitig verlie\u00df er die M\u00fcnchner und ging zur\u00fcck in seine Heimat, wo er zur Saison 2022\/2023 Cheftrainer von River Plate wurde. Mit dem Rekordmeister, wo er seine Spielerkarriere 1998 startete, holte er im Juli 2023 die Meisterschaft. Beide Seiten trennten sich aber vorzeitig. Dann zog es Demichelis nach Mexiko zu CF Monterrey.\n<\/p>\n<p>            Gomez und Demichelis einst zusammen beim FC Bayern            <\/p>\n<p class=\"paragraph article__item\">In Leipzig trifft er wieder auf Ex-Kollege Mario Gomez, Technischer Direktor beim globalen RB-Soccer-Team. Beide spielten beim FC Bayern (2009\/2010) zusammen und standen am 22. Mai 2010 auch mit auf dem Platz, als der deutsche Rekordmeister in Madrid 0:2 gegen Inter Mailand im Champions-League-Finale verlor.\n<\/p>\n<p class=\"paragraph article__item\">\u00a9 dpa-infocom, dpa:260622-930-264771\/2<\/p>\n","protected":false},"excerpt":{"rendered":"RB Leipzig hat Mart\u00edn Demichelis als neuen Trainer verpflichtet. Der 45 Jahre alte Argentinier wird Nachfolger von Ole&hellip;\n","protected":false},"author":2,"featured_media":1114777,"comment_status":"","ping_status":"","sticky":false,"template":"","format":"standard","meta":{"footnotes":"","_share_on_mastodon":"0"},"categories":[1832],"tags":[12932,772,3364,29,485,30,4665,71,111497,208,15,14828,34727,1655,5083,859],"class_list":["post-1114776","post","type-post","status-publish","format-standard","has-post-thumbnail","category-leipzig","tag-argentinien","tag-bayern","tag-de","tag-deutschland","tag-fussball-bundesliga","tag-germany","tag-juergen-klopp","tag-leipzig","tag-martin-demichelis","tag-mexiko","tag-news","tag-ole-werner","tag-plate","tag-rb-leipzig","tag-rcd-mallorca","tag-sachsen"],"share_on_mastodon":{"url":"https:\/\/pubeurope.com\/@de\/116797220328774699","error":""},"_links":{"self":[{"href":"https:\/\/www.europesays.com\/de\/wp-json\/wp\/v2\/posts\/1114776","targetHints":{"allow":["GET"]}}],"collection":[{"href":"https:\/\/www.europesays.com\/de\/wp-json\/wp\/v2\/posts"}],"about":[{"href":"https:\/\/www.europesays.com\/de\/wp-json\/wp\/v2\/types\/post"}],"author":[{"embeddable":true,"href":"https:\/\/www.europesays.com\/de\/wp-json\/wp\/v2\/users\/2"}],"replies":[{"embeddable":true,"href":"https:\/\/www.europesays.com\/de\/wp-json\/wp\/v2\/comments?post=1114776"}],"version-history":[{"count":0,"href":"https:\/\/www.europesays.com\/de\/wp-json\/wp\/v2\/posts\/1114776\/revisions"}],"wp:featuredmedia":[{"embeddable":true,"href":"https:\/\/www.europesays.com\/de\/wp-json\/wp\/v2\/media\/1114777"}],"wp:attachment":[{"href":"https:\/\/www.europesays.com\/de\/wp-json\/wp\/v2\/media?parent=1114776"}],"wp:term":[{"taxonomy":"category","embeddable":true,"href":"https:\/\/www.europesays.com\/de\/wp-json\/wp\/v2\/categories?post=1114776"},{"taxonomy":"post_tag","embeddable":true,"href":"https:\/\/www.europesays.com\/de\/wp-json\/wp\/v2\/tags?post=1114776"}],"curies":[{"name":"wp","href":"https:\/\/api.w.org\/{rel}","templated":true}]}}