{"id":1114925,"date":"2026-06-23T04:36:22","date_gmt":"2026-06-23T04:36:22","guid":{"rendered":"https:\/\/www.europesays.com\/de\/1114925\/"},"modified":"2026-06-23T04:36:22","modified_gmt":"2026-06-23T04:36:22","slug":"trude-fischer-preis-in-meerbusch-geht-an-zwei-pianisten-aus-duesseldorf","status":"publish","type":"post","link":"https:\/\/www.europesays.com\/de\/1114925\/","title":{"rendered":"Trude-Fischer-Preis in Meerbusch geht an zwei Pianisten aus D\u00fcsseldorf"},"content":{"rendered":"<p class=\"text_ohne_einzug richtext text-em-55 !leading-serif mx-6 desktop:mx-0\">Das Preistr\u00e4gerkonzert im Auftrag des Vereins der Freunde und F\u00f6rderer der St\u00e4dtischen Musikschule Meerbusch anl\u00e4sslich der Verleihung des Trude-Fischer-Preises hat Tradition. Dieser F\u00f6rderpreis f\u00fcr junge Pianistinnen und Pianisten wird seit 1988 j\u00e4hrlich von der Trude-Fischer-Stiftung in Zusammenarbeit mit der Musikschule Meerbusch und der Clara-Schumann-Musikschule D\u00fcsseldorf verliehen.<\/p>\n","protected":false},"excerpt":{"rendered":"Das Preistr\u00e4gerkonzert im Auftrag des Vereins der Freunde und F\u00f6rderer der St\u00e4dtischen Musikschule Meerbusch anl\u00e4sslich der Verleihung des&hellip;\n","protected":false},"author":2,"featured_media":1114926,"comment_status":"","ping_status":"","sticky":false,"template":"","format":"standard","meta":{"footnotes":"","_share_on_mastodon":"0"},"categories":[1831],"tags":[70937,3364,29,3405,10927,133378,30,7139,1116,1209,167818,828,24636,143406,235704,65103,36872,133550],"class_list":["post-1114925","post","type-post","status-publish","format-standard","has-post-thumbnail","category-duesseldorf","tag-clara","tag-de","tag-deutschland","tag-duesseldorf","tag-fischer","tag-foerderer","tag-germany","tag-meerbusch","tag-musikschule","tag-nordrhein-westfalen","tag-pianisten","tag-preis","tag-preistraeger","tag-preistraegerkonzert","tag-preistraegerkonzerts","tag-schumann","tag-staedtischen","tag-trude"],"share_on_mastodon":{"url":"https:\/\/pubeurope.com\/@de\/116797570229366773","error":""},"_links":{"self":[{"href":"https:\/\/www.europesays.com\/de\/wp-json\/wp\/v2\/posts\/1114925","targetHints":{"allow":["GET"]}}],"collection":[{"href":"https:\/\/www.europesays.com\/de\/wp-json\/wp\/v2\/posts"}],"about":[{"href":"https:\/\/www.europesays.com\/de\/wp-json\/wp\/v2\/types\/post"}],"author":[{"embeddable":true,"href":"https:\/\/www.europesays.com\/de\/wp-json\/wp\/v2\/users\/2"}],"replies":[{"embeddable":true,"href":"https:\/\/www.europesays.com\/de\/wp-json\/wp\/v2\/comments?post=1114925"}],"version-history":[{"count":0,"href":"https:\/\/www.europesays.com\/de\/wp-json\/wp\/v2\/posts\/1114925\/revisions"}],"wp:featuredmedia":[{"embeddable":true,"href":"https:\/\/www.europesays.com\/de\/wp-json\/wp\/v2\/media\/1114926"}],"wp:attachment":[{"href":"https:\/\/www.europesays.com\/de\/wp-json\/wp\/v2\/media?parent=1114925"}],"wp:term":[{"taxonomy":"category","embeddable":true,"href":"https:\/\/www.europesays.com\/de\/wp-json\/wp\/v2\/categories?post=1114925"},{"taxonomy":"post_tag","embeddable":true,"href":"https:\/\/www.europesays.com\/de\/wp-json\/wp\/v2\/tags?post=1114925"}],"curies":[{"name":"wp","href":"https:\/\/api.w.org\/{rel}","templated":true}]}}