{"id":1114971,"date":"2026-06-23T05:01:17","date_gmt":"2026-06-23T05:01:17","guid":{"rendered":"https:\/\/www.europesays.com\/de\/1114971\/"},"modified":"2026-06-23T05:01:17","modified_gmt":"2026-06-23T05:01:17","slug":"muenchen-uschi-glas-wirbt-eindringlich-fuer-darmkrebsvorsorge","status":"publish","type":"post","link":"https:\/\/www.europesays.com\/de\/1114971\/","title":{"rendered":"M\u00fcnchen: Uschi Glas wirbt eindringlich f\u00fcr Darmkrebsvorsorge"},"content":{"rendered":"<p>Darmkrebsvorsorge <\/p>\n<p>&#8222;Das tut nicht weh&#8220;: Uschi Glas mit klarer Ansage<\/p>\n<p>Aktualisiert am 23.06.2026 &#8211; 06:44 UhrLesedauer: 2 Min.<\/p>\n<p><a href=\"#focus-0\" class=\"transition-colors block text-current relative\" data-sctrack=\"FocusGalleryImage.Reference\"><img fetchpriority=\"high\" data-testid=\"Opener.Image\"   loading=\"eager\" src=\"https:\/\/www.europesays.com\/de\/wp-content\/uploads\/2026\/06\/uschi-glas-die-schauspielerin-hat-drei-eigene-kinder.jpg\" alt=\"Uschi Glas: Die Schauspielerin hat drei eigene Kinder.\" title=\"Uschi Glas: Die Schauspielerin hat drei eigene Kinder.\" width=\"1745\" height=\"982\" class=\"bg-[url:var(--lqipURL)] bg-cover bg-center flex h-full w-full max-w-full\" style=\"--lqipURL:url('https:\/\/images.t-online.de\/2026\/03\/Ws3ecCIj0FP6\/958x124:1745x982\/fit-in\/150x0\/filters:blur(25)\/uschi-glas-die-schauspielerin-hat-drei-eigene-kinder.jpg')\" decoding=\"async\"\/><img loading=\"lazy\" src=\"https:\/\/muenchen.t-online.de\/s\/paper\/_next\/static\/media\/zoom-in.f7dae02f.svg\" alt=\"Vergr\u00f6\u00dfern des Bildes\" title=\"Vergr\u00f6\u00dfern des Bildes\" class=\"block h-[calc(var(--height)_\/_16_*_1rem)] w-[calc(var(--width)_\/_16_*_1rem)] max-w-none absolute right-8 bottom-8 rounded-4 bg-snow p-8\" style=\"--width:32;--height:32\" decoding=\"async\"\/><\/a><\/p>\n<p>Uschi Glas: Die M\u00fcnchner Schauspielerin hat drei eigene Kinder (Archivbild). (Quelle: IMAGO\/Manfred Behrens)<\/p>\n<p><img loading=\"lazy\" src=\"https:\/\/muenchen.t-online.de\/s\/paper\/_next\/static\/media\/audio-volume.6689034c.svg\" alt=\"\" title=\"\" class=\"block h-[calc(var(--height)_\/_16_*_1rem)] w-[calc(var(--width)_\/_16_*_1rem)] max-w-none group-hover:brightness-0 group-hover:invert\" style=\"--width:16;--height:16\" decoding=\"async\"\/>Vorlesen<\/p>\n<p>Aktuelle Zeit:0:00Gesamtdauer:0:00<\/p>\n<p>1x<\/p>\n<p class=\"text-center\">Jetzt neu bei t-online:<\/p>\n<p class=\"text-center\">Schriftgr\u00f6\u00dfe anpassen!<\/p>\n<p><img loading=\"lazy\" src=\"https:\/\/muenchen.t-online.de\/s\/paper\/_next\/static\/media\/font-sizes.32942e33.svg\" alt=\"\" title=\"\" class=\"block h-[calc(var(--height)_\/_16_*_1rem)] w-[calc(var(--width)_\/_16_*_1rem)] max-w-none group-hover:hidden group-aria-expanded:hidden\" style=\"--width:16;--height:16\" decoding=\"async\"\/><img loading=\"lazy\" src=\"https:\/\/muenchen.t-online.de\/s\/paper\/_next\/static\/media\/font-sizes-dark-mode.e382645c.svg\" alt=\"\" title=\"\" class=\"block h-[calc(var(--height)_\/_16_*_1rem)] w-[calc(var(--width)_\/_16_*_1rem)] max-w-none hidden group-hover:block group-aria-expanded:block\" style=\"--width:16;--height:16\" decoding=\"async\"\/><img loading=\"lazy\" src=\"https:\/\/muenchen.t-online.de\/s\/paper\/_next\/static\/media\/sharing-menu-icon.1eb71368.svg\" alt=\"\" title=\"\" class=\"block h-[calc(var(--height)_\/_16_*_1rem)] w-[calc(var(--width)_\/_16_*_1rem)] max-w-none group-hover:brightness-0 group-hover:invert\" style=\"--width:16;--height:16\" decoding=\"async\"\/>Artikel teilen<\/p>\n<p class=\"font-bold text-18 leading-17 user-text-lg:text-22 user-text-xl:text-24\">Uschi Glas engagiert sich seit Jahren f\u00fcr Darmkrebsvorsorge \u2013 und findet f\u00fcr eine bestimmte Gruppe besonders drastische Worte. Ihr Appell hat es in sich.<\/p>\n<p class=\"text-18 leading-17 user-text-lg:text-22 user-text-xl:text-24\">Seit zwei Jahrzehnten steht Uschi Glas (82) f\u00fcr ein Thema ein, das lange kaum jemand offen ansprechen wollte: Darmkrebsvorsorge. Gegen\u00fcber der Illustrierten &#8222;Bunte&#8220; erkl\u00e4rte die M\u00fcnchnerin, was sie antreibt \u2013 und wurde dabei ungewohnt direkt.<\/p>\n<p class=\"text-18 leading-17 user-text-lg:text-22 user-text-xl:text-24\">Ihr Engagement gilt der Felix Burda Stiftung, die Christa Maar und Verleger Hubert Burda nach dem Tod ihres gemeinsamen Sohnes Felix ins Leben riefen \u2013 er starb 2001 im Alter von 31 Jahren an Darmkrebs. F\u00fcr Glas war die Entscheidung zur Mitarbeit keine Frage: &#8222;Der Felix ist so jung gestorben, und dann hat sich die Familie Burda dazu entschlossen, diese Stiftung zu gr\u00fcnden und darauf aufmerksam zu machen, dass man was dagegen tun kann. Da habe ich gesagt, da mache ich nat\u00fcrlich mit, weil ich sehe, wie wichtig das ist. Zu der Zeit war es f\u00fcr viele noch ein Tabuthema: &#8218;Dar\u00fcber will ich nicht reden!'&#8220;<\/p>\n<p>Glas sieht vorwiegend, dass M\u00e4nner vor der Vorsorge z\u00f6gern<\/p>\n<p class=\"text-18 leading-17 user-text-lg:text-22 user-text-xl:text-24\">Das Thema hat heute einen anderen Stellenwert \u2013 doch die Hemmschwelle ist bei manchen geblieben. Glas wirbt f\u00fcr einen n\u00fcchternen Blick auf die Untersuchung: &#8222;Mach das vorher und du kannst sehen, ist da was oder ist da nichts? Und wenn nichts ist, ist es gut. Das tut nicht weh. Es ist eine Verantwortung f\u00fcr die Familie, f\u00fcr die Kinder und vor allem f\u00fcr einen selber.&#8220;<\/p>\n<p class=\"text-18 leading-17 user-text-lg:text-22 user-text-xl:text-24\">Dass vor allem M\u00e4nner z\u00f6gern, hat sie beobachtet \u2013 und bringt es auf bayerische Art auf den Punkt: &#8222;Ich glaube, die M\u00e4nner sind die gr\u00f6\u00dferen Schisser, wie wir in Bayern sagen \u2013 die Hasenf\u00fc\u00dfe oder wie man sonst sagen kann. Die sind Schisser einfach: &#8218;Iiiih, das ist mir jetzt unangenehm.&#8216; Es ist nicht so, wie wenn ich Essen gehe, aber es tut nicht weh und ist gleich vorbei.&#8220;<\/p>\n","protected":false},"excerpt":{"rendered":"Darmkrebsvorsorge &#8222;Das tut nicht weh&#8220;: Uschi Glas mit klarer Ansage Aktualisiert am 23.06.2026 &#8211; 06:44 UhrLesedauer: 2 Min.&hellip;\n","protected":false},"author":2,"featured_media":1114972,"comment_status":"","ping_status":"","sticky":false,"template":"","format":"standard","meta":{"footnotes":"","_share_on_mastodon":"0"},"categories":[155],"tags":[44322,722,3176,235710,97896,29,214,30,2297,23993,166979,21377,11138,74533,1268,215],"class_list":["post-1114971","post","type-post","status-publish","format-standard","has-post-thumbnail","category-unterhaltung","tag-uschi-glas","tag-722","tag-3176","tag-christa-maar","tag-darmkrebsvorsorge","tag-deutschland","tag-entertainment","tag-germany","tag-gesundheitsgefahr","tag-gesundheitszustand","tag-hubert-burda","tag-krebsdiagnose","tag-krebserkrankung","tag-krebsrisiko","tag-muenchen","tag-unterhaltung"],"share_on_mastodon":{"url":"https:\/\/pubeurope.com\/@de\/116797670055481616","error":""},"_links":{"self":[{"href":"https:\/\/www.europesays.com\/de\/wp-json\/wp\/v2\/posts\/1114971","targetHints":{"allow":["GET"]}}],"collection":[{"href":"https:\/\/www.europesays.com\/de\/wp-json\/wp\/v2\/posts"}],"about":[{"href":"https:\/\/www.europesays.com\/de\/wp-json\/wp\/v2\/types\/post"}],"author":[{"embeddable":true,"href":"https:\/\/www.europesays.com\/de\/wp-json\/wp\/v2\/users\/2"}],"replies":[{"embeddable":true,"href":"https:\/\/www.europesays.com\/de\/wp-json\/wp\/v2\/comments?post=1114971"}],"version-history":[{"count":0,"href":"https:\/\/www.europesays.com\/de\/wp-json\/wp\/v2\/posts\/1114971\/revisions"}],"wp:featuredmedia":[{"embeddable":true,"href":"https:\/\/www.europesays.com\/de\/wp-json\/wp\/v2\/media\/1114972"}],"wp:attachment":[{"href":"https:\/\/www.europesays.com\/de\/wp-json\/wp\/v2\/media?parent=1114971"}],"wp:term":[{"taxonomy":"category","embeddable":true,"href":"https:\/\/www.europesays.com\/de\/wp-json\/wp\/v2\/categories?post=1114971"},{"taxonomy":"post_tag","embeddable":true,"href":"https:\/\/www.europesays.com\/de\/wp-json\/wp\/v2\/tags?post=1114971"}],"curies":[{"name":"wp","href":"https:\/\/api.w.org\/{rel}","templated":true}]}}