{"id":1115079,"date":"2026-06-23T06:02:20","date_gmt":"2026-06-23T06:02:20","guid":{"rendered":"https:\/\/www.europesays.com\/de\/1115079\/"},"modified":"2026-06-23T06:02:20","modified_gmt":"2026-06-23T06:02:20","slug":"rewe-app-verbraucherschuetzer-scheitern-mit-klage-vor-olg-koeln","status":"publish","type":"post","link":"https:\/\/www.europesays.com\/de\/1115079\/","title":{"rendered":"Rewe-App: Verbrauchersch\u00fctzer scheitern mit Klage vor OLG K\u00f6ln"},"content":{"rendered":"<p>Streit um Werbung und Preise <\/p>\n<p>Rewe erfolgreich: Verbrauchersch\u00fctzer ziehen Klage zur\u00fcck<\/p>\n<p>Aktualisiert am 23.06.2026 &#8211; 07:49 UhrLesedauer: 2 Min.<\/p>\n<p><a href=\"#focus-0\" class=\"transition-colors block text-current relative\" data-sctrack=\"FocusGalleryImage.Reference\"><img fetchpriority=\"high\" data-testid=\"Opener.Image\"   loading=\"eager\" src=\"https:\/\/www.europesays.com\/de\/wp-content\/uploads\/2026\/06\/rewe-lockt-kunden-mit-einem-bonus-der-gesamtpreis-der-betreffenden-produkte-wird-nicht-angezeigt.jpg\" alt=\"Rewe-App\" title=\"Rewe-App\" width=\"2048\" height=\"1152\" class=\"bg-[url:var(--lqipURL)] bg-cover bg-center flex h-full w-full max-w-full\" style=\"--lqipURL:url('https:\/\/images.t-online.de\/2026\/06\/I9ZrCjL3F951\/0x107:2048x1152\/fit-in\/150x0\/filters:blur(25)\/rewe-lockt-kunden-mit-einem-bonus-der-gesamtpreis-der-betreffenden-produkte-wird-nicht-angezeigt.jpg')\" decoding=\"async\"\/><img loading=\"lazy\" src=\"https:\/\/www.t-online.de\/s\/paper\/_next\/static\/media\/zoom-in.f7dae02f.svg\" alt=\"Vergr\u00f6\u00dfern des Bildes\" title=\"Vergr\u00f6\u00dfern des Bildes\" class=\"block h-[calc(var(--height)_\/_16_*_1rem)] w-[calc(var(--width)_\/_16_*_1rem)] max-w-none absolute right-8 bottom-8 rounded-4 bg-snow p-8\" style=\"--width:32;--height:32\" decoding=\"async\"\/><\/a><\/p>\n<p>Rewe-App: Rewe lockt Kunden mit einem Bonus. Der Gesamtpreis der betreffenden Produkte wird nicht angezeigt. (Quelle: Georg Hilgemann\/dpa\/dpa-bilder)<\/p>\n<p><img loading=\"lazy\" src=\"https:\/\/www.t-online.de\/s\/paper\/_next\/static\/media\/audio-volume.6689034c.svg\" alt=\"\" title=\"\" class=\"block h-[calc(var(--height)_\/_16_*_1rem)] w-[calc(var(--width)_\/_16_*_1rem)] max-w-none group-hover:brightness-0 group-hover:invert\" style=\"--width:16;--height:16\" decoding=\"async\"\/>Vorlesen<\/p>\n<p>Aktuelle Zeit:0:00Gesamtdauer:0:00<\/p>\n<p>1x<\/p>\n<p class=\"text-center\">Jetzt neu bei t-online:<\/p>\n<p class=\"text-center\">Schriftgr\u00f6\u00dfe anpassen!<\/p>\n<p><img loading=\"lazy\" src=\"https:\/\/www.t-online.de\/s\/paper\/_next\/static\/media\/font-sizes.32942e33.svg\" alt=\"\" title=\"\" class=\"block h-[calc(var(--height)_\/_16_*_1rem)] w-[calc(var(--width)_\/_16_*_1rem)] max-w-none group-hover:hidden group-aria-expanded:hidden\" style=\"--width:16;--height:16\" decoding=\"async\"\/><img loading=\"lazy\" src=\"https:\/\/www.t-online.de\/s\/paper\/_next\/static\/media\/font-sizes-dark-mode.e382645c.svg\" alt=\"\" title=\"\" class=\"block h-[calc(var(--height)_\/_16_*_1rem)] w-[calc(var(--width)_\/_16_*_1rem)] max-w-none hidden group-hover:block group-aria-expanded:block\" style=\"--width:16;--height:16\" decoding=\"async\"\/><img loading=\"lazy\" src=\"https:\/\/www.t-online.de\/s\/paper\/_next\/static\/media\/sharing-menu-icon.1eb71368.svg\" alt=\"\" title=\"\" class=\"block h-[calc(var(--height)_\/_16_*_1rem)] w-[calc(var(--width)_\/_16_*_1rem)] max-w-none group-hover:brightness-0 group-hover:invert\" style=\"--width:16;--height:16\" decoding=\"async\"\/>Artikel teilen<\/p>\n<p class=\"font-bold text-18 leading-17 user-text-lg:text-22 user-text-xl:text-24\">Kunden der Supermarktkette k\u00f6nnen sich in der App Bonus-Coupons sichern. Verbrauchersch\u00fctzer halten die Praxis allerdings f\u00fcr irref\u00fchrend. Zwei Gerichte kommen zu unterschiedlichen Einsch\u00e4tzungen.<\/p>\n<p class=\"text-18 leading-17 user-text-lg:text-22 user-text-xl:text-24\">Im Streit um Rabatt-Werbung in der Rewe-App hat die Verbraucherzentrale Baden-W\u00fcrttemberg eine Klage gegen den Lebensmittelh\u00e4ndler zur\u00fcckgenommen (Az. 6 U 123\/25). Das teilte eine Sprecherin des Oberlandesgerichts (OLG) <a href=\"https:\/\/koeln.t-online.de\/region\/koeln\/\" class=\"transition-colors cursor-pointer no-underline md:hover:text-magenta md:focus:text-magenta border-b border-solid border-current text-salemsfur md:hover:border-magenta\" data-tracking=\"{&quot;action&quot;:&quot;click&quot;,&quot;category&quot;:&quot;intextLink&quot;,&quot;label&quot;:&quot;https:\/\/koeln.t-online.de\/region\/koeln\/&quot;}\" data-sctrack=\"BodyAnchor\" rel=\"nofollow noopener\" target=\"_blank\">K\u00f6ln<\/a> der Deutschen Presse-Agentur mit. Der Senat habe eine andere Auffassung als die Vorinstanz, hie\u00df es. Damit ist das Urteil des Landgerichts K\u00f6ln gegenstandslos.<\/p>\n<p class=\"text-18 leading-17 user-text-lg:text-22 user-text-xl:text-24\">Im konkreten Fall ging es unter anderem um Werbung f\u00fcr Weintrauben und Sekt in der Rewe-App. Nutzer k\u00f6nnen sich beim Kauf bestimmter Produkte einen Bonus-Coupon in H\u00f6he eines festen Eurobetrags sichern, den sie sp\u00e4ter einl\u00f6sen d\u00fcrfen. Verbrauchersch\u00fctzer hielten die Darstellung f\u00fcr irref\u00fchrend, weil neben den Artikeln zwar der Bonus, nicht aber der Produktpreis angezeigt werde. Ohne Preisangabe k\u00f6nnten Verbraucher jedoch keine informierte Kaufentscheidung treffen. <\/p>\n<p class=\"text-18 leading-17 user-text-lg:text-22 user-text-xl:text-24\">Das Gericht gab ihnen im November 2025 recht (Az. 87 O 18\/25). Rewe legte daraufhin Berufung ein, das Urteil wurde deshalb nicht rechtskr\u00e4ftig. Die Richter des OLG K\u00f6ln bewerteten den Fall nun anders. Sie sahen in der betreffenden Werbung keine Verpflichtung f\u00fcr Rewe, weitere Preisangaben zu machen, und stuften die Klage als unbegr\u00fcndet ein. <\/p>\n<p>So reagieren Verbrauchersch\u00fctzer und Rewe<\/p>\n<p class=\"text-18 leading-17 user-text-lg:text-22 user-text-xl:text-24\">Gabriele Bernhardt von der Verbraucherzentrale Baden-W\u00fcrttemberg sagte: &#8222;Das OLG hat in der m\u00fcndlichen Verhandlung sehr deutlich gemacht, dass es auf die Berufung der Gegenseite unsere Klage zur\u00fcckweisen wird.&#8220; Deshalb habe man sie zur\u00fcckgenommen. Rewe teilte auf Nachfrage mit: &#8222;Wir freuen uns, dass das OLG K\u00f6ln unsere Rechtsauffassung best\u00e4tigt hat.&#8220; <\/p>\n<p class=\"text-18 leading-17 user-text-lg:text-22 user-text-xl:text-24\">Treue-Apps von Lebensmittelh\u00e4ndlern waren zuletzt mehrfach Thema vor Gericht. Der Verbraucherzentrale Bundesverband verklagte die Discounter Penny und Netto. Moniert wurde, dass nur angemeldete Kunden besondere App-Rabatte erhalten. Die Klagen wurden abgewiesen, im Fall Penny wurde Revision zugelassen.<\/p>\n<p class=\"text-18 leading-17 user-text-lg:text-22 user-text-xl:text-24\">Im September 2025 scheiterten Verbrauchersch\u00fctzer mit einer Klage gegen <a href=\"https:\/\/www.t-online.de\/themen\/lidl\/\" class=\"transition-colors cursor-pointer no-underline md:hover:text-magenta md:focus:text-magenta border-b border-solid border-current text-salemsfur md:hover:border-magenta\" data-tracking=\"{&quot;action&quot;:&quot;click&quot;,&quot;category&quot;:&quot;intextLink&quot;,&quot;label&quot;:&quot;\/themen\/lidl\/&quot;}\" data-sctrack=\"BodyAnchor\" rel=\"nofollow noopener\" target=\"_blank\">Lidl<\/a> vor dem Oberlandesgericht <a href=\"https:\/\/stuttgart.t-online.de\/region\/stuttgart\/\" class=\"transition-colors cursor-pointer no-underline md:hover:text-magenta md:focus:text-magenta border-b border-solid border-current text-salemsfur md:hover:border-magenta\" data-tracking=\"{&quot;action&quot;:&quot;click&quot;,&quot;category&quot;:&quot;intextLink&quot;,&quot;label&quot;:&quot;https:\/\/stuttgart.t-online.de\/region\/stuttgart\/&quot;}\" data-sctrack=\"BodyAnchor\" rel=\"nofollow noopener\" target=\"_blank\">Stuttgart<\/a>. Sie kritisierten, die App sei entgegen den Teilnahmebedingungen nicht kostenlos, weil Nutzer mit ihren Daten zahlten. Der Verbraucherzentrale Bundesverband zog deshalb vor den <a href=\"https:\/\/www.t-online.de\/themen\/bgh\/\" class=\"transition-colors cursor-pointer no-underline md:hover:text-magenta md:focus:text-magenta border-b border-solid border-current text-salemsfur md:hover:border-magenta\" data-tracking=\"{&quot;action&quot;:&quot;click&quot;,&quot;category&quot;:&quot;intextLink&quot;,&quot;label&quot;:&quot;\/themen\/bgh\/&quot;}\" data-sctrack=\"BodyAnchor\" rel=\"nofollow noopener\" target=\"_blank\">Bundesgerichtshof<\/a>.<\/p>\n<p>Umfrage: App-Nutzer kaufen mehr<\/p>\n<p class=\"text-18 leading-17 user-text-lg:text-22 user-text-xl:text-24\">In den Treue-Apps erhalten Kunden exklusive Vorteile und Rabatte, wenn sie sich registrieren. H\u00e4ndler gewinnen dadurch loyalere Kunden und deren Daten, die zeigen, was K\u00e4ufer wollen. <\/p>\n<p class=\"text-18 leading-17 user-text-lg:text-22 user-text-xl:text-24\">Laut einer repr\u00e4sentativen <a href=\"https:\/\/www.t-online.de\/themen\/umfragen\/\" class=\"transition-colors cursor-pointer no-underline md:hover:text-magenta md:focus:text-magenta border-b border-solid border-current text-salemsfur md:hover:border-magenta\" data-tracking=\"{&quot;action&quot;:&quot;click&quot;,&quot;category&quot;:&quot;intextLink&quot;,&quot;label&quot;:&quot;\/themen\/umfragen\/&quot;}\" data-sctrack=\"BodyAnchor\" rel=\"nofollow noopener\" target=\"_blank\">Umfrage<\/a> des Handelsforschungsinstituts IFH K\u00f6ln verwenden gut 90 Prozent der Menschen Bonus-Apps. Ob diese die Kundenbindung st\u00e4rken, ist jedoch fraglich. Nutzer haben der Befragung zufolge im Schnitt 4,2 Apps von H\u00e4ndlern installiert. Jeder Zweite wechselt nach eigenen Angaben f\u00fcr die besten Vorteile h\u00e4ufig zwischen Apps. Ebenso viele haben das Gef\u00fchl, dabei kaum Geld zu sparen. Das IFH befragte im Februar 1.000 Menschen zwischen 18 und 69 Jahren.<\/p>\n","protected":false},"excerpt":{"rendered":"Streit um Werbung und Preise Rewe erfolgreich: Verbrauchersch\u00fctzer ziehen Klage zur\u00fcck Aktualisiert am 23.06.2026 &#8211; 07:49 UhrLesedauer: 2&hellip;\n","protected":false},"author":2,"featured_media":1115080,"comment_status":"","ping_status":"","sticky":false,"template":"","format":"standard","meta":{"footnotes":"","_share_on_mastodon":"0"},"categories":[1828],"tags":[1593,2520,29,30,1420,1209,24827,872,8041,15336,145871,1084],"class_list":["post-1115079","post","type-post","status-publish","format-standard","has-post-thumbnail","category-koeln","tag-1593","tag-deutsche-presse-agentur","tag-deutschland","tag-germany","tag-koeln","tag-nordrhein-westfalen","tag-olg","tag-rewe","tag-supermarktkette","tag-verbraucherschuetzer","tag-verbraucherzentrale-baden-wuerttemberg","tag-verbraucherzentrale-bundesverband"],"share_on_mastodon":{"url":"https:\/\/pubeurope.com\/@de\/116797910126906314","error":""},"_links":{"self":[{"href":"https:\/\/www.europesays.com\/de\/wp-json\/wp\/v2\/posts\/1115079","targetHints":{"allow":["GET"]}}],"collection":[{"href":"https:\/\/www.europesays.com\/de\/wp-json\/wp\/v2\/posts"}],"about":[{"href":"https:\/\/www.europesays.com\/de\/wp-json\/wp\/v2\/types\/post"}],"author":[{"embeddable":true,"href":"https:\/\/www.europesays.com\/de\/wp-json\/wp\/v2\/users\/2"}],"replies":[{"embeddable":true,"href":"https:\/\/www.europesays.com\/de\/wp-json\/wp\/v2\/comments?post=1115079"}],"version-history":[{"count":0,"href":"https:\/\/www.europesays.com\/de\/wp-json\/wp\/v2\/posts\/1115079\/revisions"}],"wp:featuredmedia":[{"embeddable":true,"href":"https:\/\/www.europesays.com\/de\/wp-json\/wp\/v2\/media\/1115080"}],"wp:attachment":[{"href":"https:\/\/www.europesays.com\/de\/wp-json\/wp\/v2\/media?parent=1115079"}],"wp:term":[{"taxonomy":"category","embeddable":true,"href":"https:\/\/www.europesays.com\/de\/wp-json\/wp\/v2\/categories?post=1115079"},{"taxonomy":"post_tag","embeddable":true,"href":"https:\/\/www.europesays.com\/de\/wp-json\/wp\/v2\/tags?post=1115079"}],"curies":[{"name":"wp","href":"https:\/\/api.w.org\/{rel}","templated":true}]}}