{"id":1115179,"date":"2026-06-23T06:57:20","date_gmt":"2026-06-23T06:57:20","guid":{"rendered":"https:\/\/www.europesays.com\/de\/1115179\/"},"modified":"2026-06-23T06:57:20","modified_gmt":"2026-06-23T06:57:20","slug":"verteidigungsminister-pistorius-sieht-schwindenden-zusammenhalt-als-sicherheitsrisiko","status":"publish","type":"post","link":"https:\/\/www.europesays.com\/de\/1115179\/","title":{"rendered":"Verteidigungsminister: Pistorius sieht schwindenden Zusammenhalt als Sicherheitsrisiko"},"content":{"rendered":"<p class=\"paragraph article__item\">Verteidigungsminister <a class=\"rtr-entity\" href=\"https:\/\/www.zeit.de\/thema\/boris-pistorius\" rel=\"nofollow noopener\" target=\"_blank\">Boris Pistorius<\/a> (SPD) hat vor einer<br \/>\nzunehmenden Spaltung der Gesellschaft in Deutschland gewarnt. \u00bbIch bin fest<br \/>\ndavon \u00fcberzeugt: In einem Land, in dem gesellschaftlicher Zusammenhalt zerst\u00f6rt<br \/>\nwird, in dem Polarisierung um sich greift, gibt es keine Sicherheit. Weder nach<br \/>\ninnen noch nach au\u00dfen\u00ab, sagte der SPD-Politiker in Berlin. <\/p>\n<p class=\"paragraph article__item\">Wenn sich keiner f\u00fcr das gro\u00dfe Ganze oder f\u00fcr den anderen<br \/>\ninteressiere oder engagiere, werde es auch keine gemeinsame erfolgreiche<br \/>\nAnstrengung f\u00fcr Sicherheit geben, sagte der Minister. Wer heute Verantwortung trage, d\u00fcrfe Probleme nicht<br \/>\neinfach vertagen. \u00bbNicht bei der Rente, nicht bei der<br \/>\nInfrastruktur, nicht beim Klimaschutz, nicht bei der Bildung und nat\u00fcrlich auch<br \/>\nnicht bei der Sicherheit. Nur wenn wir heute daf\u00fcr sorgen, werden wir morgen<br \/>\nauch in Sicherheit leben k\u00f6nnen.\u00ab\n<\/p>\n<p class=\"paragraph article__item\">Die F\u00e4higkeit zur Verteidigung sei eine<br \/>\ngesamtgesellschaftliche Aufgabe, sagte Pistorius. Ein Land werde nicht allein durch seine<br \/>\nStreitkr\u00e4fte verteidigungsf\u00e4hig. \u00bbEin Land wird verteidigungsf\u00e4hig, wenn<br \/>\nVerwaltung, Wirtschaft und die Menschen in diesem Land widerstandsf\u00e4hig sind.\u00ab Ein Blick in die Ukraine zeige das eindr\u00fccklich, sagte er.\n<\/p>\n<p class=\"paragraph article__item\">Dieser Artikel wird weiter aktualisiert.<\/p>\n","protected":false},"excerpt":{"rendered":"Verteidigungsminister Boris Pistorius (SPD) hat vor einer zunehmenden Spaltung der Gesellschaft in Deutschland gewarnt. \u00bbIch bin fest davon&hellip;\n","protected":false},"author":2,"featured_media":1115180,"comment_status":"","ping_status":"","sticky":false,"template":"","format":"standard","meta":{"footnotes":"","_share_on_mastodon":"0"},"categories":[2],"tags":[331,3924,332,3922,221254,1179,3364,29,30,13,14,3923,15,3921,16,12,3931,65519,184,25293,4874],"class_list":["post-1115179","post","type-post","status-publish","format-standard","has-post-thumbnail","category-deutschland","tag-aktuelle-nachrichten","tag-aktuelle-nachrichten-aus-deutschland","tag-aktuelle-news","tag-aktuelle-news-aus-deutschland","tag-artikelhuelle","tag-boris-pistorius","tag-de","tag-deutschland","tag-germany","tag-headlines","tag-nachrichten","tag-nachrichten-aus-deutschland","tag-news","tag-news-aus-deutschland","tag-politik","tag-schlagzeilen","tag-sicherheit","tag-sicherheitsrisiko","tag-spd","tag-teaser","tag-verteidigungsminister"],"share_on_mastodon":{"url":"https:\/\/pubeurope.com\/@de\/116798124696752422","error":""},"_links":{"self":[{"href":"https:\/\/www.europesays.com\/de\/wp-json\/wp\/v2\/posts\/1115179","targetHints":{"allow":["GET"]}}],"collection":[{"href":"https:\/\/www.europesays.com\/de\/wp-json\/wp\/v2\/posts"}],"about":[{"href":"https:\/\/www.europesays.com\/de\/wp-json\/wp\/v2\/types\/post"}],"author":[{"embeddable":true,"href":"https:\/\/www.europesays.com\/de\/wp-json\/wp\/v2\/users\/2"}],"replies":[{"embeddable":true,"href":"https:\/\/www.europesays.com\/de\/wp-json\/wp\/v2\/comments?post=1115179"}],"version-history":[{"count":0,"href":"https:\/\/www.europesays.com\/de\/wp-json\/wp\/v2\/posts\/1115179\/revisions"}],"wp:featuredmedia":[{"embeddable":true,"href":"https:\/\/www.europesays.com\/de\/wp-json\/wp\/v2\/media\/1115180"}],"wp:attachment":[{"href":"https:\/\/www.europesays.com\/de\/wp-json\/wp\/v2\/media?parent=1115179"}],"wp:term":[{"taxonomy":"category","embeddable":true,"href":"https:\/\/www.europesays.com\/de\/wp-json\/wp\/v2\/categories?post=1115179"},{"taxonomy":"post_tag","embeddable":true,"href":"https:\/\/www.europesays.com\/de\/wp-json\/wp\/v2\/tags?post=1115179"}],"curies":[{"name":"wp","href":"https:\/\/api.w.org\/{rel}","templated":true}]}}