{"id":1115238,"date":"2026-06-23T07:32:18","date_gmt":"2026-06-23T07:32:18","guid":{"rendered":"https:\/\/www.europesays.com\/de\/1115238\/"},"modified":"2026-06-23T07:32:18","modified_gmt":"2026-06-23T07:32:18","slug":"taliban-schicken-vier-diplomaten-nach-berlin-fuer-mehr-abschiebungen-nach-afghanistan-politik","status":"publish","type":"post","link":"https:\/\/www.europesays.com\/de\/1115238\/","title":{"rendered":"Taliban schicken vier Diplomaten nach Berlin! F\u00fcr mehr Abschiebungen nach Afghanistan | Politik"},"content":{"rendered":"<p><a class=\"skip-content skip-content--link\" href=\"#in-content-skip-link-target-v-0-0\">TTS-Player \u00fcberspringen\u21b5<\/a><a id=\"in-content-skip-link-target-v-0-0\" class=\"skip-content--target-link-hidden skip-content skip-content--target-link\" href=\"#in-content-skip-link-target-v-0-0\">Artikel weiterlesen<\/a><\/p>\n<p data-83f060b9=\"0-2256\">Berlin\/Kabul \u2013 <b>Der Zweck heiligt die Mittel? Damit Deutschland k\u00fcnftig mehr Straft\u00e4ter und Gef\u00e4hrder nach Afghanistan abschieben kann, kommen weitere Taliban als Konsularbeamte zu uns. Die vier M\u00e4nner der Islamisten-Miliz sollen in Berlin unter anderem P\u00e4sse f\u00fcr Ausreisepflichtige ausstellen. <\/b><\/p>\n<p data-83f060b9=\"0-2256\">Innenminister Alexander Dobrindt (56, <a href=\"https:\/\/www.bild.de\/politik\/inland\/cdu\/cdu-csu-alle-infos-76661590.bild.html\" class=\"text-link\" rel=\"nofollow noopener\" target=\"_blank\">CSU<\/a>) hatte in BILD am SONNTAG angek\u00fcndigt, die R\u00fcckf\u00fchrungen per Charterflug massiv auszuweiten, k\u00fcnftig soll es <a href=\"https:\/\/www.bild.de\/politik\/inland\/deal-mit-den-taliban-fast-jede-woche-ein-abschiebeflug-nach-afghanistan-6a36809b80d43f4394b6c6ad\" class=\"text-link\" rel=\"nofollow noopener\" target=\"_blank\">drei dieser Fl\u00fcge monatlich <\/a>geben. Bei Geheimverhandlungen zwischen Vertretern des Innenministeriums und der Taliban-Regierung in einem Hotel in Istanbul (T\u00fcrkei) wurde das Paket festgezurrt. Im Gegenzug f\u00fcr ihre Kooperation bestanden die Islamisten offenbar darauf, mehr Personal nach Deutschland schicken zu d\u00fcrfen. <\/p>\n<p data-83f060b9=\"0-2256\">Laut NDR geht es der F\u00fchrung in Kabul vor allem darum, die ausreisepflichtigen Vergewaltiger, Gef\u00e4hrder und Drogenh\u00e4ndler vor ihren Abschiebungen als <a href=\"https:\/\/www.bild.de\/news\/ausland\/afghanistan\/thema-afghanistan-alle-infos-80028766.bild.html\" class=\"text-link\" rel=\"nofollow noopener\" target=\"_blank\">afghanische<\/a> Staatsb\u00fcrger zu identifizieren und ihnen erst dann entsprechende Reisedokumente auszustellen. <\/p>\n<p>Zwei Taliban-Diplomaten sind schon da<\/p>\n<p data-83f060b9=\"0-2256\">Mit den vier neuen Diplomaten erh\u00f6ht das Extremisten-Regime die Zahl seiner Konsularbeamten in Deutschland auf sechs. Zwei M\u00e4nner waren bereits Mitte 2025 ins Land gekommen und f\u00fchren offenbar die afghanische Botschaft in Berlin und das Generalkonsulat in Bonn (NRW). Ein Sprecher des Ausw\u00e4rtigen Amtes sagte, die Bundesregierung werde die von Kabul vorgeschlagenen Vertreter noch in Afghanistan genau \u00fcberpr\u00fcfen, bevor sie ihnen Visa erteile. <\/p>\n<p><img decoding=\"async\" width=\"992\" height=\"558\" alt=\"Alexander Dobrindt (56) letzte Woche bei der Innenministerkonferenz in Hamburg\" loading=\"lazy\" src=\"https:\/\/www.europesays.com\/de\/wp-content\/uploads\/2026\/06\/a6c428326686f0f1c18d7961d446987c,555d3111.jpeg\"   class=\"landscape\"\/><\/p>\n<p class=\"fig__caption__text\">Alexander Dobrindt (56) letzte Woche bei der Innenministerkonferenz in Hamburg<\/p>\n<p>Foto: Daniel Bockwoldt\/dpa<\/p>\n<p>Dobrindt will dauerhafte \u201eAbschiebeluftbr\u00fccke\u201c<\/p>\n<p data-83f060b9=\"0-2256\">Die Taliban haben 2021 wieder die Macht am Hindukusch \u00fcbernommen. Im August 2024 waren erstmals seit der Macht\u00fcbernahme 28 m\u00e4nnliche Straft\u00e4ter mit Hilfe von Katar nach Kabul abgeschoben worden. Mit der Erh\u00f6hung auf die fast w\u00f6chentliche Taktung will das Innenministerium jetzt eine dauerhafte \u201eAbschiebeluftbr\u00fccke\u201c etablieren. Es geht dabei um Schwerkriminelle und Gef\u00e4hrder, die in Deutschland im Gef\u00e4ngnis sitzen. <\/p>\n<p data-83f060b9=\"0-2256\">Minister <a href=\"https:\/\/www.bild.de\/themen\/personen\/alexander-dobrindt\/politik-nachrichten-news-fotos-videos-33876288.bild.html\" class=\"text-link\" rel=\"nofollow noopener\" target=\"_blank\">Dobrindt<\/a> sagte: \u201eWer unseren Schutz missbraucht und hier schwere Straftaten begeht, muss seine Perspektive in seinem Heimatland suchen. Unsere Gesellschaft hat ein legitimes Interesse daran, dass Straft\u00e4ter unser Land verlassen. Das wird konsequent durchgesetzt.\u201c<\/p>\n","protected":false},"excerpt":{"rendered":"TTS-Player \u00fcberspringen\u21b5Artikel weiterlesen Berlin\/Kabul \u2013 Der Zweck heiligt die Mittel? Damit Deutschland k\u00fcnftig mehr Straft\u00e4ter und Gef\u00e4hrder nach&hellip;\n","protected":false},"author":2,"featured_media":1115239,"comment_status":"","ping_status":"","sticky":false,"template":"","format":"standard","meta":{"footnotes":"","_share_on_mastodon":"0"},"categories":[1825],"tags":[414,7451,533,296,29,42253,7883,30,13773,15451,138370],"class_list":["post-1115238","post","type-post","status-publish","format-standard","has-post-thumbnail","category-berlin","tag-abschiebung","tag-afghanistan","tag-asyl","tag-berlin","tag-deutschland","tag-dobrindt-alexander","tag-fluechtlingskrise","tag-germany","tag-kabul","tag-taliban","tag-team-first"],"share_on_mastodon":{"url":"https:\/\/pubeurope.com\/@de\/116798263662147786","error":""},"_links":{"self":[{"href":"https:\/\/www.europesays.com\/de\/wp-json\/wp\/v2\/posts\/1115238","targetHints":{"allow":["GET"]}}],"collection":[{"href":"https:\/\/www.europesays.com\/de\/wp-json\/wp\/v2\/posts"}],"about":[{"href":"https:\/\/www.europesays.com\/de\/wp-json\/wp\/v2\/types\/post"}],"author":[{"embeddable":true,"href":"https:\/\/www.europesays.com\/de\/wp-json\/wp\/v2\/users\/2"}],"replies":[{"embeddable":true,"href":"https:\/\/www.europesays.com\/de\/wp-json\/wp\/v2\/comments?post=1115238"}],"version-history":[{"count":0,"href":"https:\/\/www.europesays.com\/de\/wp-json\/wp\/v2\/posts\/1115238\/revisions"}],"wp:featuredmedia":[{"embeddable":true,"href":"https:\/\/www.europesays.com\/de\/wp-json\/wp\/v2\/media\/1115239"}],"wp:attachment":[{"href":"https:\/\/www.europesays.com\/de\/wp-json\/wp\/v2\/media?parent=1115238"}],"wp:term":[{"taxonomy":"category","embeddable":true,"href":"https:\/\/www.europesays.com\/de\/wp-json\/wp\/v2\/categories?post=1115238"},{"taxonomy":"post_tag","embeddable":true,"href":"https:\/\/www.europesays.com\/de\/wp-json\/wp\/v2\/tags?post=1115238"}],"curies":[{"name":"wp","href":"https:\/\/api.w.org\/{rel}","templated":true}]}}