{"id":1115280,"date":"2026-06-23T07:56:24","date_gmt":"2026-06-23T07:56:24","guid":{"rendered":"https:\/\/www.europesays.com\/de\/1115280\/"},"modified":"2026-06-23T07:56:24","modified_gmt":"2026-06-23T07:56:24","slug":"mitteilung-vom-23-juni-2026-datenangebot-zur-rentendebatte","status":"publish","type":"post","link":"https:\/\/www.europesays.com\/de\/1115280\/","title":{"rendered":"Mitteilung vom 23. Juni 2026 \/ Datenangebot zur Rentendebatte"},"content":{"rendered":"<p class=\"date\">23.06.2026 \u2013 09:02<\/p>\n<p class=\"customer\">\n                        <a class=\"story-customer\" title=\"weiter zum newsroom von Statistisches Bundesamt\" href=\"https:\/\/www.presseportal.de\/nr\/32102\" rel=\"nofollow noopener\" target=\"_blank\">Statistisches Bundesamt<\/a>\n                    <\/p>\n<p><a data-category=\"citylink-story-view\" data-action=\"click\" data-label=\"Citylink in Meldungsansicht\" class=\"story-city event-trigger\" href=\"https:\/\/www.presseportal.de\/regional\/Wiesbaden\" title=\"News aus Wiesbaden \" rel=\"nofollow noopener\" target=\"_blank\">Wiesbaden<\/a> (ots)<\/p>\n<p>Angesichts der aktuellen Debatte \u00fcber die Reform des Rentensystems weist das Statistische Bundesamt (Destatis) auf seine Sonderseite zum Thema Rente (<a target=\"_blank\" class=\"uri-ext outbound\" rel=\"noopener nofollow\" href=\"https:\/\/www.destatis.de\/rente\">www.destatis.de\/rente<\/a>) hin. Dort sind relevante Daten zu den Bereichen Demografie, Erwerbst\u00e4tigkeit, Einkommen und Staatshaushalt geb\u00fcndelt, unter anderem mit diesen Inhalten:<\/p>\n<p><b>Die Lebenserwartung steigt aktuell wieder<\/b><\/p>\n<p>Die Lebenserwartung bei Geburt ist in Deutschland \u00fcber Jahrzehnte hinweg nahezu kontinuierlich angestiegen. Seit etwa 2010 nimmt die Lebenserwartung allerdings weniger stark zu als in den vorangegangenen Jahrzehnten. Im Zuge der Coronapandemie kam es ab 2020 f\u00fcr drei Jahre in Folge zu einem leichten R\u00fcckgang. In den Jahren 2023 und 2024 ist die Lebenserwartung wieder deutlich angestiegen. Das Vor-Corona-Niveau wurde dadurch wieder erreicht.<\/p>\n<p><b>\u00c4ltere Menschen sind h\u00e4ufiger erwerbst\u00e4tig<\/b><\/p>\n<p>\u00c4ltere Menschen sind h\u00e4ufiger erwerbst\u00e4tig als fr\u00fcher. 2025 waren nach Erstergebnissen des Mikrozensus 19,9 % der 67-J\u00e4hrigen erwerbst\u00e4tig, 2015 lag die Quote in der Altersgruppe bei 13,3 %. Nach wie vor gehen viele vorzeitig in den Ruhestand: 2025 waren 60,9 % der 63-J\u00e4hrigen erwerbst\u00e4tig. Allerdings ist die Quote in der Altersgruppe gestiegen: 2015 lag sie noch bei 38,9 %. Die Gr\u00fcnde f\u00fcr einen vorzeitigen Renteneintritt sind vielf\u00e4ltig und reichen von gesundheitlichen Einschr\u00e4nkungen \u00fcber versicherungsrechtliche Besonderheiten wie langj\u00e4hrige Beitragszahlungen oder Fr\u00fchverrentungsangebote von Unternehmen bis hin zum Wunsch nach mehr Freizeit.<\/p>\n<p><b>Zahl der Pension\u00e4rinnen und Pension\u00e4re nimmt zu<\/b><\/p>\n<p>Am 1. Januar 2025 gab es nach dem deutschen Beamten- und Soldatenversorgungsrecht rund 1,4 Millionen Pension\u00e4rinnen und Pension\u00e4re des \u00f6ffentlichen Dienstes. Zus\u00e4tzlich bezogen rund 382 100 Hinterbliebene wie Witwen und Witwer oder Waisen Versorgungsleistungen. Das entspricht einem Zuwachs von 17,7 % beziehungsweise 0,1 % im Vergleich zum 1. Januar 2015. Damals waren es noch rund 1,2 Millionen Pension\u00e4rinnen und Pension\u00e4re sowie rund 381 800 Hinterbliebene mit Versorgungsleistungen.<\/p>\n<p class=\"contact-headline\">Pressekontakt:<\/p>\n<p class=\"contact-text\">Statistisches Bundesamt<br \/>Pressestelle<br \/><a target=\"_blank\" class=\"uri-ext outbound\" rel=\"noopener nofollow\" href=\"https:\/\/www.destatis.de\/kontakt\">www.destatis.de\/kontakt<\/a><br \/>Telefon: +49 611-75 34 44<\/p>\n<p class=\"originator\">Original-Content von: Statistisches Bundesamt, \u00fcbermittelt durch news aktuell<\/p>\n","protected":false},"excerpt":{"rendered":"23.06.2026 \u2013 09:02 Statistisches Bundesamt Wiesbaden (ots) Angesichts der aktuellen Debatte \u00fcber die Reform des Rentensystems weist das&hellip;\n","protected":false},"author":2,"featured_media":428773,"comment_status":"","ping_status":"","sticky":false,"template":"","format":"standard","meta":{"footnotes":"","_share_on_mastodon":"0"},"categories":[1847],"tags":[38227,3364,29,548,663,3934,30,13,2052,14,15,178,180,179,181,12,924,4544],"class_list":["post-1115280","post","type-post","status-publish","format-standard","has-post-thumbnail","category-wiesbaden","tag-behrden","tag-de","tag-deutschland","tag-eu","tag-europa","tag-europe","tag-germany","tag-headlines","tag-hessen","tag-nachrichten","tag-news","tag-presse","tag-pressemeldung","tag-pressemitteilung","tag-pressemitteilungen","tag-schlagzeilen","tag-statistik","tag-wiesbaden"],"share_on_mastodon":{"url":"https:\/\/pubeurope.com\/@de\/116798356731524583","error":""},"_links":{"self":[{"href":"https:\/\/www.europesays.com\/de\/wp-json\/wp\/v2\/posts\/1115280","targetHints":{"allow":["GET"]}}],"collection":[{"href":"https:\/\/www.europesays.com\/de\/wp-json\/wp\/v2\/posts"}],"about":[{"href":"https:\/\/www.europesays.com\/de\/wp-json\/wp\/v2\/types\/post"}],"author":[{"embeddable":true,"href":"https:\/\/www.europesays.com\/de\/wp-json\/wp\/v2\/users\/2"}],"replies":[{"embeddable":true,"href":"https:\/\/www.europesays.com\/de\/wp-json\/wp\/v2\/comments?post=1115280"}],"version-history":[{"count":0,"href":"https:\/\/www.europesays.com\/de\/wp-json\/wp\/v2\/posts\/1115280\/revisions"}],"wp:featuredmedia":[{"embeddable":true,"href":"https:\/\/www.europesays.com\/de\/wp-json\/wp\/v2\/media\/428773"}],"wp:attachment":[{"href":"https:\/\/www.europesays.com\/de\/wp-json\/wp\/v2\/media?parent=1115280"}],"wp:term":[{"taxonomy":"category","embeddable":true,"href":"https:\/\/www.europesays.com\/de\/wp-json\/wp\/v2\/categories?post=1115280"},{"taxonomy":"post_tag","embeddable":true,"href":"https:\/\/www.europesays.com\/de\/wp-json\/wp\/v2\/tags?post=1115280"}],"curies":[{"name":"wp","href":"https:\/\/api.w.org\/{rel}","templated":true}]}}