{"id":1115326,"date":"2026-06-23T08:23:16","date_gmt":"2026-06-23T08:23:16","guid":{"rendered":"https:\/\/www.europesays.com\/de\/1115326\/"},"modified":"2026-06-23T08:23:16","modified_gmt":"2026-06-23T08:23:16","slug":"msv-news-kw-26-ssv-ulm-holt-zweiten-duisburger-aufstiegshelden","status":"publish","type":"post","link":"https:\/\/www.europesays.com\/de\/1115326\/","title":{"rendered":"MSV-News KW 26: SSV Ulm holt zweiten Duisburger Aufstiegshelden"},"content":{"rendered":"<p><a data-google-interstitial=\"false\" target=\"_blank\" rel=\"noopener nofollow\" href=\"https:\/\/rp-online.de\"><img decoding=\"async\" loading=\"eager\" src=\"https:\/\/image.fupa.net\/cobranding-white\/5WaGLwM8E9Sb\/image.svg\" alt=\"\" title=\"\" width=\"400\" height=\"80\" class=\"sc-wadapo-3 ftUxsc\"\/><\/a>Nach Leon M\u00fcller schlie\u00dft sich auch Steffen Meuer dem SSV Ulm in der Regionalliga an.<\/p>\n<p>von Marcel Eichholz \u00b7 Heute, 09:30 Uhr \u00b7 0 Leser<\/p>\n<p><img fetchpriority=\"high\" decoding=\"async\" loading=\"eager\" src=\"https:\/\/www.europesays.com\/de\/wp-content\/uploads\/2026\/06\/1781988868_477_960x640.jpeg\" alt=\"Alle MSV-News im \u00dcberblick.\" title=\"Alle MSV-News im \u00dcberblick.\" width=\"960\" height=\"640\" class=\"sc-wadapo-3 klmthQ\"\/>Alle MSV-News im \u00dcberblick. \u2013 Foto: Marcel Eichholz<\/p>\n<p>Im w\u00f6chentlichen \u00dcberblick bringt euch FuPa Niederrhein die aktuellen News rund um den MSV Duisburg direkt auf euer mobiles Endger\u00e4t. In KW26 findet ein ehemaliger Cheftrainer der Zebras einen neuen Posten. Au\u00dferdem erfreuen sich die Dauerkarten weiter einer sehr gro\u00dfen Beliebtheit und es gibt Eintrittskarten f\u00fcr das Vorbereitungsspiel bei Preu\u00dfen Duisburg.<\/p>\n<p> 23. Juni, 9.30 Uhr: Meuer wird ein Spatz <\/p>\n<p>Nach Leon M\u00fcller wechselt der zweite Aufstiegsheld der Zebras zum SSV Ulm. Auch Steffen Meuer will bei dem Absteiger in die Regionalliga S\u00fcdwest neu durchstarten und hat einen Kontrakt bis 2028 unterschrieben. &#8222;Ich freue mich auf die neue Aufgabe beim SSV Ulm 1846 Fussball und darauf, Teil dieses Vereins zu sein. Gleichzeitig freue ich mich darauf, die Stadt, die Menschen und die Fans kennenzulernen. Gemeinsam werden wir alles daf\u00fcr tun, unsere Ziele zu erreichen und das Maximum herauszuholen&#8220;, sagt Meuer in einer Mitteilung des Vereins.<\/p>\n<p> 19. Juni, 11.15 Uhr: Yannik Scholl wechselt zum ETB <\/p>\n<p>Yannik Scholl verl\u00e4sst den MSV Duisburg. Der 18-J\u00e4hrige geh\u00f6rte zu den Leistungstr\u00e4gern der vergangenen Saison in der U19 der Zebras. Nun will er seine ersten Schritte bei den Senioren machen. Gelingen soll ihm das beim ETB Schwarz-Wei\u00df Essen in der Oberliga Niederrhein. Essens Sportlicher Leiter, J\u00fcrgen Lucas, freut sich dar\u00fcber, das Yannik sich trotz vieler Angebote f\u00fcr den ETB entschieden hat. Besonders der Zug zum Tor, seine Beidf\u00fc\u00dfigkeit und die St\u00e4rken im Dribbling haben die Verantwortlichen am Uhlenkrug \u00fcberzeugt.<\/p>\n<p>  17. Juni, 17.15 Uhr: Ziegner \u00fcbernimmt Lok Leipzig <\/p>\n<p>Ex-MSV-Coach Torsten Ziegner hat einen neuen Job. Er \u00fcbernimmt die Nachfolge von Jochen Seitz beim 1. FC Lok Leipzig. Der ambitionierte Regionalligist war erst j\u00fcngst zum zweiten Mal in der Aufstiegsrelegation zur 3. Liga gescheitert. Ziegner sei der &#8222;erfahrene Fachmann&#8220;, der in das gesuchte Anforderungsprofil der Verantwortlichen gepasst hat, &#8222;f\u00fcr die Aufgabe beim 1. FC Lok brennt und der die Entwicklung unserer Mannschaft weiter vorantreiben wird.&#8220; Seit September 2023 hat Ziegner keine Mannschaft mehr betreut.<\/p>\n<p>   16. Juni, 14 Uhr: So gibt es Karten f\u00fcr Preu\u00dfen <\/p>\n<p>Stolze 125 Jahre wird der Duisburger Sportclub Preu\u00dfen in diesem Jahr alt und ist damit genau ein Jahr \u00e4lter als der Meidericher Spielverein. Zur Geburtstagsparty kommt der Drittligist zum Testspiel an die Futterstra\u00dfe. Gekickt wird am 3. Juli um 18 Uhr. Tickets gibt es im Vorverkauf f\u00fcr acht Euro, an der Tageskasse werden zehn Euro f\u00e4llig. &#8222;Ein historischer Geburtstag verdient eine ganz besondere Kulisse! Anl\u00e4sslich unseres 125-j\u00e4hrigen Bestehens freuen wir uns riesig auf ein echtes Duisburger Traditionsduell. Der Duisburger Sportclub Preu\u00dfen von 1901 e. V. empf\u00e4ngt den MSV Duisburg zu einem geschichtstr\u00e4chtigen Match auf unserer heimischen Anlage&#8220;, schreibt Preu\u00dfen in den Vereinsmedien.<\/p>\n<p>   15. Juni, 18 Uhr: DK-Verkauf knackt 6.000er Marke <\/p>\n<p>Dauerkarten f\u00fcr die Spiele in der Saison 2026\/27 sind bei den Fans des MSV Duisburg weiter hei\u00df begehrt. Zu Wochenbeginn knackte der Verein die Marke von 6.000 verkauften Saisonabos. Am Montag waren 6.102 Dauerkarten \u00fcber die Ladentheke gewandert, womit nun fast so viele Dauerkarten verkauft wurden, wie vor Saisonbeginn der abgeschlossenen Spielzeit. Bis zum Ligastart sind es derweil noch mehr als sieben Wochen hin.<\/p>\n<p>   ____ <\/p>\n<p>\ud83d\udcf0 Alle aktuellen Nachrichten: <a href=\"https:\/\/www.fupa.net\/region\/niederrhein\/news\" target=\"_blank\" rel=\"noopener nofollow\">https:\/\/www.fupa.net\/region\/niederrhein\/news<\/a><\/p>\n<p>\ud83d\udcdd Alle aktuellen Transfers: <a href=\"https:\/\/www.fupa.net\/region\/niederrhein\/transfer\" target=\"_blank\" rel=\"noopener nofollow\">https:\/\/www.fupa.net\/region\/niederrhein\/transfer<\/a><\/p>\n<p>\u26bd Die Spiele des Tages: <a href=\"https:\/\/www.fupa.net\/region\/niederrhein\/matches\" target=\"_blank\" rel=\"noopener nofollow\">https:\/\/www.fupa.net\/region\/niederrhein\/matches<\/a><\/p>\n<p> ____ <\/p>\n<p>Dein Kontakt zur FuPa-Redaktion:<\/p>\n","protected":false},"excerpt":{"rendered":"Nach Leon M\u00fcller schlie\u00dft sich auch Steffen Meuer dem SSV Ulm in der Regionalliga an. von Marcel Eichholz&hellip;\n","protected":false},"author":2,"featured_media":1109408,"comment_status":"","ping_status":"","sticky":false,"template":"","format":"standard","meta":{"footnotes":"","_share_on_mastodon":"0"},"categories":[1838],"tags":[12440,995,3364,29,3715,30,3721,1209,3458,139100],"class_list":["post-1115326","post","type-post","status-publish","format-standard","has-post-thumbnail","category-duisburg","tag-1-fc-lokomotive-leipzig","tag-3-liga","tag-de","tag-deutschland","tag-duisburg","tag-germany","tag-msv-duisburg","tag-nordrhein-westfalen","tag-regionalliga-nordost","tag-torsten-ziegner"],"share_on_mastodon":{"url":"https:\/\/pubeurope.com\/@de\/116798462990660063","error":""},"_links":{"self":[{"href":"https:\/\/www.europesays.com\/de\/wp-json\/wp\/v2\/posts\/1115326","targetHints":{"allow":["GET"]}}],"collection":[{"href":"https:\/\/www.europesays.com\/de\/wp-json\/wp\/v2\/posts"}],"about":[{"href":"https:\/\/www.europesays.com\/de\/wp-json\/wp\/v2\/types\/post"}],"author":[{"embeddable":true,"href":"https:\/\/www.europesays.com\/de\/wp-json\/wp\/v2\/users\/2"}],"replies":[{"embeddable":true,"href":"https:\/\/www.europesays.com\/de\/wp-json\/wp\/v2\/comments?post=1115326"}],"version-history":[{"count":0,"href":"https:\/\/www.europesays.com\/de\/wp-json\/wp\/v2\/posts\/1115326\/revisions"}],"wp:featuredmedia":[{"embeddable":true,"href":"https:\/\/www.europesays.com\/de\/wp-json\/wp\/v2\/media\/1109408"}],"wp:attachment":[{"href":"https:\/\/www.europesays.com\/de\/wp-json\/wp\/v2\/media?parent=1115326"}],"wp:term":[{"taxonomy":"category","embeddable":true,"href":"https:\/\/www.europesays.com\/de\/wp-json\/wp\/v2\/categories?post=1115326"},{"taxonomy":"post_tag","embeddable":true,"href":"https:\/\/www.europesays.com\/de\/wp-json\/wp\/v2\/tags?post=1115326"}],"curies":[{"name":"wp","href":"https:\/\/api.w.org\/{rel}","templated":true}]}}