{"id":1115382,"date":"2026-06-23T08:56:22","date_gmt":"2026-06-23T08:56:22","guid":{"rendered":"https:\/\/www.europesays.com\/de\/1115382\/"},"modified":"2026-06-23T08:56:22","modified_gmt":"2026-06-23T08:56:22","slug":"friedrichshain-wbm-plant-81-wohnungen-an-der-lebuser-strasse","status":"publish","type":"post","link":"https:\/\/www.europesays.com\/de\/1115382\/","title":{"rendered":"Friedrichshain: WBM plant 81 Wohnungen an der Lebuser Stra\u00dfe"},"content":{"rendered":"<p><strong>An der Lebuser Stra\u00dfe in Friedrichshain plant die WBM einen Neubau mit 81 Wohnungen, darunter auch gef\u00f6rderte und barrierefreie Einheiten. Das Projekt entsteht auf einem ehemaligen Parkplatz und soll ab September 2026 umgesetzt werden.<\/strong><\/p>\n<p>Lebuser Stra\u00dfe \/ Palisadenstra\u00dfe, 10243 Berlin-Friedrichshain<\/p>\n<p>\u00a9 Titelbild: BOLLINGER + FEHLIG Architekten GmbH<\/p>\n<p>\u00a0<\/p>\n<p>Anzeige<\/p>\n<p><a data-no-instant=\"1\" href=\"https:\/\/www.entwicklungsstadt.de\/live-podcast-wie-bauen-wir-die-quartiere-der-zukunft\/\" rel=\"noopener nofollow\" class=\"a2t-link\" target=\"_blank\" aria-label=\"Am 30.06.2026 veranstaltet ENTWICKLUNGSSTADT ein Event mit Podcast-Aufzeichnung, wo es um die Zukunft von Stadt-Quartieren geht\"><img loading=\"lazy\" decoding=\"async\" class=\"lazyload\" src=\"data:image\/svg+xml,%3Csvg%20xmlns%3D%27http%3A%2F%2Fwww.w3.org%2F2000%2Fsvg%27%20width%3D%27350%27%20height%3D%27450%27%20viewBox%3D%270%200%20350%20450%27%3E%3Crect%20width%3D%27350%27%20height%3D%27450%27%20fill-opacity%3D%220%22%2F%3E%3C%2Fsvg%3E\" data-orig-src=\"https:\/\/www.europesays.com\/de\/wp-content\/uploads\/2026\/06\/ENTWICKLUNGSSTADT-LIVE-PODCAST_30-06-2026.jpg\" alt=\"Am 30.06.2026 veranstaltet ENTWICKLUNGSSTADT ein Event mit Podcast-Aufzeichnung, wo es um die Zukunft von Stadt-Quartieren geht\" width=\"350\" height=\"450\" style=\"display: inline-block; max-width: 100%; height: auto;\"\/><\/a><\/p>\n<p>An der Lebuser Stra\u00dfe in Friedrichshain konkretisiert die WBM ihren Wohnungsneubau. Geplant sind 81 Wohnungen, eine Gewerbeeinheit, Fahrradstellpl\u00e4tze und zus\u00e4tzliche Spielplatzfl\u00e4chen. Der Baustart ist nach aktuellem Stand f\u00fcr September 2026 vorgesehen.<\/p>\n<ul>\n<li><strong>Bezirk<\/strong>: <a href=\"https:\/\/www.entwicklungsstadt.de\/bezirke\/friedrichshain-kreuzberg\/\" target=\"_blank\" rel=\"noopener nofollow\">Friedrichshain-Kreuzberg<\/a><\/li>\n<li><strong>Adresse<\/strong>: Lebuser Stra\u00dfe \/ Palisadenstra\u00dfe, 10243 Berlin-Friedrichshain<\/li>\n<li><strong>Wohnungen<\/strong>: 81<\/li>\n<li><strong>Weitere Nutzungen<\/strong>:Eine Gewerbeeinheit, Fahrradstellpl\u00e4tze, Spielfl\u00e4chen<\/li>\n<li><strong>Baubeginn<\/strong>: September 2026<\/li>\n<li><strong>Fertigstellung<\/strong>: Oktober 2028<\/li>\n<\/ul>\n<p>Das Wohnungsbau-Projekt liegt an der Ecke Lebuser Stra\u00dfe \/ Palisadenstra\u00dfe. Die WBM will auf einem Bestandsgrundst\u00fcck im Quartier Friedenstra\u00dfe ein neues Wohnhaus errichten. Dort befand sich bisher ein Parkplatz mit 58 Stellpl\u00e4tzen.<\/p>\n<p>Schon Ende Februar wurden auf dem Areal B\u00e4ume gef\u00e4llt. Seit dem Fr\u00fchjahr sind auf dem Grundst\u00fcck zudem ein Bagger und Bauz\u00e4une zu sehen, die auf die bevorstehende Entwicklung des Standorts hindeuten.<\/p>\n<p>Zehn Etagen an der Lebuser Stra\u00dfe in Friedrichshain<\/p>\n<p>Nach Angaben der landeseigenen Gesellschaft entstehen 81 Wohnungen. 65 davon plant die WBM barrierefrei, 33 Wohnungen sollen gef\u00f6rdert werden. Damit verbindet das Vorhaben regul\u00e4ren Mietwohnungsbau mit \u00f6ffentlich gef\u00f6rdertem Wohnraum.<\/p>\n<p>Der Neubau erh\u00e4lt nach aktuellem Stand zehn Vollgeschosse. Die Wohnungen sollen Balkone oder Terrassen bekommen. Zus\u00e4tzlich plant die WBM eine Tiefgarage, Fahrradstellpl\u00e4tze auf dem Grundst\u00fcck und eine Erweiterung des vorhandenen Spielplatzes. Auch eine kleine Gewerbeeinheit mit 50 Quadratmetern geh\u00f6rt zum Programm.<\/p>\n<p><a href=\"https:\/\/www.europesays.com\/de\/wp-content\/uploads\/2026\/06\/Karl-Marx-Allee-Plattenbau-Nord-Berlin-\u00a9-Foto-Wikimedia-Commons-Gryffindor.jpg\"><img loading=\"lazy\" decoding=\"async\" aria-describedby=\"caption-attachment-100048\" class=\"lazyload wp-image-100048 size-full\" src=\"data:image\/svg+xml,%3Csvg%20xmlns%3D%27http%3A%2F%2Fwww.w3.org%2F2000%2Fsvg%27%20width%3D%271280%27%20height%3D%27720%27%20viewBox%3D%270%200%201280%20720%27%3E%3Crect%20width%3D%271280%27%20height%3D%27720%27%20fill-opacity%3D%220%22%2F%3E%3C%2Fsvg%3E\" data-orig-src=\"https:\/\/www.europesays.com\/de\/wp-content\/uploads\/2026\/06\/Karl-Marx-Allee-Plattenbau-Nord-Berlin-\u00a9-Foto-Wikimedia-Commons-Gryffindor.jpg\" alt=\"Blick auf den Plattenbau an der Karl-Marx-Allee in Berlin-Friedrichshain, mit der U-Bahn-Station Strausberger Platz.\" width=\"1280\" height=\"720\"\/><\/a><\/p>\n<p id=\"caption-attachment-100048\" class=\"wp-caption-text\">Der Wohnungsneubau der WBM an der Lebuser Stra\u00dfe Ecke Palisadenstra\u00dfe entsteht auf einem Parkplatz neben einem Plattenbau. \/ \u00a9 Foto: Wikimedia Commons, Gryffindor<\/p>\n<p>Wohnungsbau nahe Strausberger Platz: Nicht alle sind vom Entwurf \u00fcberzeugt<\/p>\n<p>Das Geb\u00e4ude entsteht unmittelbar neben einem bestehenden Plattenbau und f\u00fcgt sich mit seiner zur\u00fcckhaltenden Architektursprache in das vorhandene st\u00e4dtebauliche Umfeld ein. In der Nachbarschaft wird die Gestaltung teilweise kritisch diskutiert. Einige Anwohnende h\u00e4tten sich f\u00fcr die zentral gelegene Ecksituation eine architektonisch markantere L\u00f6sung oder einen st\u00e4rkeren Beitrag zur stadtr\u00e4umlichen Aufwertung des Quartiers gew\u00fcnscht.<\/p>\n<p>Gleichzeitig wird die vormals als Parkplatz genutzte Fl\u00e4che k\u00fcnftig f\u00fcr zus\u00e4tzlichen Wohnraum aktiviert und damit zur innerst\u00e4dtischen Nachverdichtung beigetragen. Der U-Bahnhof Strausberger Platz liegt etwa 200 Meter vom Neubau entfernt. Dort f\u00e4hrt die U5. Au\u00dferdem befinden sich die Bushaltestellen U Strausberger Platz und Friedrichsberger Stra\u00dfe im 300-Meter-Radius.<\/p>\n<p>\u00a0<\/p>\n<p>Quellen: WBM Wohnungsbaugesellschaft Berlin-Mitte mbH, Verkehrliche Untersuchung Lebuser Stra\u00dfe, Architektur Urbanistik<\/p>\n","protected":false},"excerpt":{"rendered":"An der Lebuser Stra\u00dfe in Friedrichshain plant die WBM einen Neubau mit 81 Wohnungen, darunter auch gef\u00f6rderte und&hellip;\n","protected":false},"author":2,"featured_media":1115383,"comment_status":"","ping_status":"","sticky":false,"template":"","format":"standard","meta":{"footnotes":"","_share_on_mastodon":"0"},"categories":[1825],"tags":[296,47439,224914,29,186592,155198,30,235792],"class_list":["post-1115382","post","type-post","status-publish","format-standard","has-post-thumbnail","category-berlin","tag-berlin","tag-berlin-mietwohnungen","tag-berlin-wohnungsbau-friedrichshain-kreuzberg","tag-deutschland","tag-friedrichshain-bauprojekte","tag-friedrichshain-wohnen","tag-germany","tag-wbm"],"share_on_mastodon":{"url":"https:\/\/pubeurope.com\/@de\/116798592495565121","error":""},"_links":{"self":[{"href":"https:\/\/www.europesays.com\/de\/wp-json\/wp\/v2\/posts\/1115382","targetHints":{"allow":["GET"]}}],"collection":[{"href":"https:\/\/www.europesays.com\/de\/wp-json\/wp\/v2\/posts"}],"about":[{"href":"https:\/\/www.europesays.com\/de\/wp-json\/wp\/v2\/types\/post"}],"author":[{"embeddable":true,"href":"https:\/\/www.europesays.com\/de\/wp-json\/wp\/v2\/users\/2"}],"replies":[{"embeddable":true,"href":"https:\/\/www.europesays.com\/de\/wp-json\/wp\/v2\/comments?post=1115382"}],"version-history":[{"count":0,"href":"https:\/\/www.europesays.com\/de\/wp-json\/wp\/v2\/posts\/1115382\/revisions"}],"wp:featuredmedia":[{"embeddable":true,"href":"https:\/\/www.europesays.com\/de\/wp-json\/wp\/v2\/media\/1115383"}],"wp:attachment":[{"href":"https:\/\/www.europesays.com\/de\/wp-json\/wp\/v2\/media?parent=1115382"}],"wp:term":[{"taxonomy":"category","embeddable":true,"href":"https:\/\/www.europesays.com\/de\/wp-json\/wp\/v2\/categories?post=1115382"},{"taxonomy":"post_tag","embeddable":true,"href":"https:\/\/www.europesays.com\/de\/wp-json\/wp\/v2\/tags?post=1115382"}],"curies":[{"name":"wp","href":"https:\/\/api.w.org\/{rel}","templated":true}]}}