{"id":1115583,"date":"2026-06-23T10:55:31","date_gmt":"2026-06-23T10:55:31","guid":{"rendered":"https:\/\/www.europesays.com\/de\/1115583\/"},"modified":"2026-06-23T10:55:31","modified_gmt":"2026-06-23T10:55:31","slug":"selbst-nochmal-auf-die-schulbank-lehrkraefte-erkunden-duale-ausbildung-im-handwerk-handwerkskammer-mannheim-rhein-neckar-odenwald-story","status":"publish","type":"post","link":"https:\/\/www.europesays.com\/de\/1115583\/","title":{"rendered":"Selbst nochmal auf die Schulbank: Lehrkr\u00e4fte erkunden duale Ausbildung im Handwerk, Handwerkskammer Mannheim Rhein-Neckar-Odenwald, Story"},"content":{"rendered":"<p>Am Dienstag, 21. Juli 2026, von 14:30 bis 17:00 Uhr findet in der Bildungsakademie der Handwerkskammer Mannheim Rhein-Neckar-Odenwald in der Gutenbergstra\u00dfe 49 in Mannheim eine Pr\u00e4senzfortbildung zur handwerksorientierten beruflichen Orientierung statt. Das Zentrum f\u00fcr Schulqualit\u00e4t und Lehrerbildung (ZSL), Regionalstelle Mannheim, bietet die Veranstaltung in Zusammenarbeit mit der Handwerkskammer an.<\/p>\n<p>Die Fortbildung richtet sich an Lehrkr\u00e4fte und weitere p\u00e4dagogische Fachkr\u00e4fte, die an Schulen in der Berufsorientierung t\u00e4tig sind \u2013 von WBS-Lehrkr\u00e4ften \u00fcber Berufseinstiegsbegleiterinnen und -begleiter bis hin zu Schulleitungen und au\u00dferschulischen Partnern. Ziel ist es, einen fundierten Einblick in Struktur und Ablauf der dualen Ausbildung im Handwerk zu vermitteln und konkrete Ankn\u00fcpfungspunkte f\u00fcr die schulische Berufsorientierung aufzuzeigen.<\/p>\n<p><b>Duale Ausbildung im Fokus<\/b><\/p>\n<p>Im Mittelpunkt stehen Informationen zur dualen Ausbildung im Handwerk, zur Bedeutung des Handwerks f\u00fcr Gesellschaft und Wirtschaft sowie zu Karrierewegen \u2013 von der Ausbildung \u00fcber die Meisterqualifikation bis zum Abschluss als Gepr\u00fcfte Betriebswirtin oder Gepr\u00fcfter Betriebswirt nach Handwerksordnung. Erg\u00e4nzend werden ausgew\u00e4hlte Handwerksberufe vorgestellt, um typische T\u00e4tigkeiten und Anforderungen differenziert darzustellen.<\/p>\n<p><b>Arbeitswelt selbst erleben<\/b><\/p>\n<p>Ein weiterer Schwerpunkt liegt auf dem Praxisbezug: Zwei Praxisworkshops in den Werkst\u00e4tten der Bildungsakademie geben den Teilnehmenden Gelegenheit, die Arbeitswelt des Handwerks unmittelbar zu erleben. \u201eWenn Lehrkr\u00e4fte authentische Einblicke in Werkst\u00e4tten und Arbeitsprozesse erhalten, k\u00f6nnen sie Jugendlichen die M\u00f6glichkeiten im Handwerk deutlich konkreter vermitteln\u201c, sagt Susanne B\u00e4cker-Valerius, Koordination Berufsorientierung bei der Handwerkskammer Mannheim Rhein-Neckar-Odenwald.<\/p>\n<p><b>Handwerk sichtbar machen<\/b><\/p>\n<p>Die Veranstaltung greift zugleich die Leitperspektive Berufliche Orientierung des Bildungsplans auf und zeigt M\u00f6glichkeiten der Kooperation zwischen Schulen und Handwerk auf. Thematisiert werden Angebote f\u00fcr das Fach Wirtschaft, Berufs- und Studienorientierung (WBS) ebenso wie Formate der berufsorientierenden Veranstaltungen an Schulen. \u201eSchulen stehen vor der Aufgabe, Jugendliche bei einer realistischen und informierten Berufswahl zu unterst\u00fctzen\u201c, so Susanne B\u00e4cker-Valerius. \u201eDazu geh\u00f6rt, das Handwerk mit seinen vielf\u00e4ltigen Bildungswegen und Entwicklungsm\u00f6glichkeiten als gleichwertige Option sichtbar zu machen.\u201c<\/p>\n<p><b>Anerkannte Lehrerfortbildung<\/b><\/p>\n<p>Angesprochen sind Lehrkr\u00e4fte aller weiterf\u00fchrenden Schularten \u2013 von Hauptschule, Werkrealschule, Realschule und Gemeinschaftsschule (Sekundarstufe I und II) \u00fcber Sonderp\u00e4dagogische Bildungs- und Beratungszentren bis hin zu beruflichen Schulen und Gymnasien. Die Teilnahme an der Fortbildung gilt als anerkannte Lehrerfortbildung; es handelt sich um eine Pr\u00e4senzveranstaltung in der Bildungsakademie der Handwerkskammer.<\/p>\n<p>Anmeldungen sind \u00fcber das Portal LFB-Online unter der Terminseite des Zentrums f\u00fcr Schulqualit\u00e4t und Lehrerbildung m\u00f6glich:\u00a0<a href=\"https:\/\/lfbo.kultus-bw.de\/lfb\/termine\/DPL4Q7\" target=\"_blank\" rel=\"nofollow noopener\">https:\/\/lfbo.kultus-bw.de\/&#8230;<\/a>. Meldeschluss ist der 7. Juli 2026. F\u00fcr R\u00fcckfragen steht bei der Handwerkskammer Mannheim Rhein-Neckar-Odenwald Susanne B\u00e4cker-Valerius zur Verf\u00fcgung, Telefon: 0621 18002-161, E-Mail: susanne.baecker-valerius@hwk-mannheim.de.<\/p>\n","protected":false},"excerpt":{"rendered":"Am Dienstag, 21. Juli 2026, von 14:30 bis 17:00 Uhr findet in der Bildungsakademie der Handwerkskammer Mannheim Rhein-Neckar-Odenwald&hellip;\n","protected":false},"author":2,"featured_media":323435,"comment_status":"","ping_status":"","sticky":false,"template":"","format":"standard","meta":{"footnotes":"","_share_on_mastodon":"0"},"categories":[1845],"tags":[1634,30125,3364,29,548,663,3934,17238,30,617,16782,13,23563,235815,235814,2096,14,14480,15,16789,5206,12,192969,235816,17239,235813],"class_list":["post-1115583","post","type-post","status-publish","format-standard","has-post-thumbnail","category-mannheim","tag-baden-wuerttemberg","tag-bildungsakademie","tag-de","tag-deutschland","tag-eu","tag-europa","tag-europe","tag-gemeinschaftsschule","tag-germany","tag-handwerk","tag-handwerkskammer","tag-headlines","tag-hwk","tag-lehrerbildung","tag-lfb","tag-mannheim","tag-nachrichten","tag-neckar","tag-news","tag-odenwald","tag-rhein","tag-schlagzeilen","tag-valerius","tag-wbs","tag-werkrealschule","tag-zsl"],"share_on_mastodon":{"url":"https:\/\/pubeurope.com\/@de\/116799060501704498","error":""},"_links":{"self":[{"href":"https:\/\/www.europesays.com\/de\/wp-json\/wp\/v2\/posts\/1115583","targetHints":{"allow":["GET"]}}],"collection":[{"href":"https:\/\/www.europesays.com\/de\/wp-json\/wp\/v2\/posts"}],"about":[{"href":"https:\/\/www.europesays.com\/de\/wp-json\/wp\/v2\/types\/post"}],"author":[{"embeddable":true,"href":"https:\/\/www.europesays.com\/de\/wp-json\/wp\/v2\/users\/2"}],"replies":[{"embeddable":true,"href":"https:\/\/www.europesays.com\/de\/wp-json\/wp\/v2\/comments?post=1115583"}],"version-history":[{"count":0,"href":"https:\/\/www.europesays.com\/de\/wp-json\/wp\/v2\/posts\/1115583\/revisions"}],"wp:featuredmedia":[{"embeddable":true,"href":"https:\/\/www.europesays.com\/de\/wp-json\/wp\/v2\/media\/323435"}],"wp:attachment":[{"href":"https:\/\/www.europesays.com\/de\/wp-json\/wp\/v2\/media?parent=1115583"}],"wp:term":[{"taxonomy":"category","embeddable":true,"href":"https:\/\/www.europesays.com\/de\/wp-json\/wp\/v2\/categories?post=1115583"},{"taxonomy":"post_tag","embeddable":true,"href":"https:\/\/www.europesays.com\/de\/wp-json\/wp\/v2\/tags?post=1115583"}],"curies":[{"name":"wp","href":"https:\/\/api.w.org\/{rel}","templated":true}]}}