{"id":1115652,"date":"2026-06-23T11:34:25","date_gmt":"2026-06-23T11:34:25","guid":{"rendered":"https:\/\/www.europesays.com\/de\/1115652\/"},"modified":"2026-06-23T11:34:25","modified_gmt":"2026-06-23T11:34:25","slug":"wie-tickt-rb-leipzigs-neuer-trainer-martin-demichelis","status":"publish","type":"post","link":"https:\/\/www.europesays.com\/de\/1115652\/","title":{"rendered":"Wie tickt RB Leipzigs neuer Trainer Martin Demichelis?"},"content":{"rendered":"<p>        <img decoding=\"async\" src=\"https:\/\/www.europesays.com\/de\/wp-content\/uploads\/2026\/06\/martin-demichelis-rb-leipzig-100.webp\" alt=\"Martin Demichelis als Trainer von RCD Mallorca.\" title=\"Martin Demichelis als Trainer von RCD Mallorca. | picture alliance\/dpa\/AP | Jose Breton\" class=\"responsive\"\/><\/p>\n<p>AUDIO: Fu\u00dfball: Was kann Martin Demichelis?  (2 Min)<\/p>\n<p class=\"topline\">Fu\u00dfball | Bundesliga<\/p>\n<p>\n                Stand: 23.06.2026 13:13 Uhr<\/p>\n<p class=\"preface\">Mit gro\u00dfen Namen der Trainerriege hat RB Leipzigs neuer Coach bereits zusammengearbeitet. Was zeichnet den Argentinier aus, der neue Impulse bei den &#8222;Roten Bullen&#8220; setzen soll?<\/p>\n<p class=\"\">Manuel Pellegrini, Louis van Gaal, Diego Maradona, Ottmar Hitzfeld oder Felix Magath \u2013 trainiert hat RB Leipzigs neuer Trainer Martin Demichelis bereits unter gro\u00dfen Namen der Fu\u00dfballlehrer-Zunft. Der einstige Defensivspieler wurde mit Manchester City oder Bayern M\u00fcnchen Meister \u2013 <a href=\"https:\/\/www.mdr.de\/sport\/fussball_1bl\/demichelis-rb-leipzig-100.html\" title=\"Fu\u00dfball | Bundesliga: Offiziell: Mart\u00edn Demichelis neuer Trainer von RB Leipzig\" rel=\"nofollow noopener\" target=\"_blank\">nun soll er mit RB Leipzig eine neue \u00c4ra pr\u00e4gen<\/a>.<\/p>\n<p>        <img decoding=\"async\" src=\"https:\/\/www.europesays.com\/de\/wp-content\/uploads\/2026\/06\/martin-demichelis-102.webp\" alt=\"Mart\u00edn Demichelis\" title=\"Mart\u00edn Demichelis | IMAGO \/ DeFodi Images\" class=\"responsive\" loading=\"lazy\"\/><\/p>\n<p>Fu\u00dfball | Bundesliga<\/p>\n<p>Die Ger\u00fcchtek\u00fcche brodelte schon seit Tagen, jetzt ist es offiziell: Mart\u00edn Demichelis sitzt in der neuen Saison auf der Trainerbank von RB Leipzig. <\/p>\n<p>    Meister in Argentinien, Vize-Meister in Mexiko<\/p>\n<p>                    <a href=\"https:\/\/www.europesays.com\/de\/wp-content\/uploads\/2026\/06\/martin-demichelis-108.webp\" class=\"zoomimage\" title=\"Bild vergr\u00f6\u00dfern\"><\/p>\n<p>        <img decoding=\"async\" src=\"https:\/\/www.europesays.com\/de\/wp-content\/uploads\/2026\/06\/martin-demichelis-108.webp\" alt=\"Martin Demichelis als Trainer von Rver Plate Buenos Aires.\" title=\"2023: Martin Demichelis als Trainer von Rver Plate Buenos Aires. |  IMAGO \/ Sebastian Frej\" class=\"responsive\" loading=\"lazy\"\/><\/p>\n<p>                    <\/a><\/p>\n<p>                    2023: Martin Demichelis als Trainer von Rver Plate Buenos Aires.<\/p>\n<p class=\"\">Was kann Demichelis, der in die Fu\u00dfstapfen von Ole Werner, dem nach dem Punkteschnitt erfolgreichsten Leipziger Bundesliga-Trainer, tritt? Zun\u00e4chst die Zahlen. Der Argentinier feierte mit dem argentinischen Spitzenklub River Plate Buenos Aires 2023 das Triple aus Meisterschaft, Pokal und Supercup. Dennoch musste er im Sommer 2024 den Klub verlassen. Er wechselte nach Mexiko, wo er mit Monterrey erst im Finale der Meisterschaft verlor und Vize-Meister wurde.<\/p>\n<p>    Starke Serie in Mallorca<\/p>\n<p class=\"\">Zuletzt stieg er mit dem spanischen Erstligisten Mallorca ab \u2013 nur ein Punkt fehlte dem &#8222;Feuerwehrmann&#8220;, der in zw\u00f6lf Spielen einen beeindruckenden Punkteschnitt von 1,50 einfuhr. Auf die gesamte Saison gerechnet h\u00e4tte ihm das Rang sechs in der h\u00f6chsten spanischen Liga gebracht.<\/p>\n<p class=\"\">In Leipzig soll Demichelis den Weg zur\u00fcck zum mitrei\u00dfenden Pressing-Fu\u00dfball ebnen. Zumindest steht er f\u00fcr Offensivfu\u00dfball \u2013 in Monterrey blieb seine Mannschaft in 43 Spielen nur viermal ohne eigenen Torerfolg, bei River Plate in 87 Partien nur siebenmal. Am liebsten spielt der Argentinier mit einem offensiv ausgerichteten 4-1-4-1-System, das immer mal ins 4-2-3-1 adaptiert wird.<\/p>\n<p>    Pellegrini-Fu\u00dfball in Leipzig?<\/p>\n<p class=\"\">Den gr\u00f6\u00dften Einfluss auf den neuen RB-Trainer d\u00fcrfte Manuel Pellegrini gehabt haben. Unter dem Chilenen spielte er sieben Jahre bei Man City, Malaga oder River Plate. Der mittlerweile 72-J\u00e4hrige steht symbolisch f\u00fcr attraktiven Offensivfu\u00dfball und gleichzeitig hohen Ballbesitz. &#8222;Er war in meiner Karriere sehr wichtig, ich habe viel von ihm gelernt&#8220;, sagte Demichelis in einem Interview 2020 und verglich seinen Mentor mit Pep Guardiola: &#8222;Seine Philosophie ist sehr \u00e4hnlich. Er wollte, dass wir immer sehr dominant auftreten.&#8220;<\/p>\n<p>    Lob f\u00fcr Hitzfeld, Magath, van Gaal<\/p>\n<p class=\"\">Au\u00dferdem lobte Demichelis Ottmar Hitzfelds F\u00fchrungsqualit\u00e4ten und Felix Magaths Betonung auf Disziplin. Von Louis van Gaal habe er &#8222;die Bedeutsamkeit von Kontrolle, Passspiel und der Bewegung des Balles&#8220; gelernt. &#8222;In den 18 Monaten unter ihm gab es im Training nie eine \u00dcbung ohne Ball. Ich liebe diese Philosophie.&#8220;<\/p>\n<p class=\"\">In Leipzig soll Demichelis nach Aussagen von Sportchef Marcel Sch\u00e4fer eine Spielphilosophie von &#8222;hoher Intensit\u00e4t und fachlicher Kompetenz&#8220; verbinden.<\/p>\n<p>    Der Trainer und die Kabine &#8211; nicht immer Harmonie<\/p>\n<p class=\"\">An Trainer-Vorbild Manuel Pellegrini kann sich Demichelis dabei offenbar nicht nur sportlich und fu\u00dfballtaktisch orientieren, sondern auch menschlich. W\u00e4hrend Pellegrini als respektvoller Gentlemen und mannschaftsinterner Ruhepol gilt, scheiterte Demichelis an dieser Stelle sowohl bei River Plate als auch in Monterrey.<\/p>\n<p class=\"\">Trotz der sportlichen Erfolge endeten beide Stationen vorzeitig, weil er wichtige F\u00fchrungsspieler angriff und so offenbar die Kabine verlor. Bei seiner j\u00fcngsten Station wendete sich das Bild. Statt der Spieler kritisierte Demichelis Journalisten, mit Indiskretionen Unruhe ins Team zu bringen.<\/p>\n<p class=\"\">Dirk Hofmeister<\/p>\n<p>        <img decoding=\"async\" src=\"https:\/\/www.europesays.com\/de\/wp-content\/uploads\/2026\/06\/1781740156_915_ole-werner-340.webp\" alt=\"Ole Werner\" title=\"Ole Werner | IMAGO \/ Zoonar\" class=\"responsive\" loading=\"lazy\"\/><\/p>\n<p>        <img decoding=\"async\" src=\"https:\/\/www.europesays.com\/de\/wp-content\/uploads\/2026\/06\/ole-werner-344.webp\" alt=\"Ole Werner verschr\u00e4nkt die Arme und guckt grimmig.\" title=\"Ole Werner verschr\u00e4nkt die Arme und guckt grimmig. | IMAGO \/ Laci Perenyi\" class=\"responsive\" loading=\"lazy\"\/><\/p>\n<p>        <img decoding=\"async\" src=\"https:\/\/www.europesays.com\/de\/wp-content\/uploads\/2026\/06\/bild-278196.webp\" alt=\"Szene aus Livestream MDR-Fernsehen: Guido Sch\u00e4fer, Chefreporter LVZ\" title=\"Szene aus Livestream MDR-Fernsehen: Guido Sch\u00e4fer, Chefreporter LVZ | MITTELDEUTSCHER RUNDFUNK\" class=\"responsive\" loading=\"lazy\"\/><\/p>\n<p>Fu\u00dfball | Bundesliga<\/p>\n<p>Am Mittwoch wurde die Trennung von RB Leipzigs Coach Ole Werner offiziell. Die Umst\u00e4nde sind zumindest fragw\u00fcrdig. Bei nun neun Trainern in zehn Jahren kann man auf dieser Position wahrlich nicht von Konstanz sprechen.<\/p>\n<p>        <img decoding=\"async\" src=\"https:\/\/www.europesays.com\/de\/wp-content\/uploads\/2026\/06\/neues-logo-rb-leipzig-102.webp\" alt=\"Logo RB Leipzig\" title=\"Logo RB Leipzig | RB Leipzig\" class=\"responsive\" loading=\"lazy\"\/><\/p>\n","protected":false},"excerpt":{"rendered":"AUDIO: Fu\u00dfball: Was kann Martin Demichelis? (2 Min) Fu\u00dfball | Bundesliga Stand: 23.06.2026 13:13 Uhr Mit gro\u00dfen Namen&hellip;\n","protected":false},"author":2,"featured_media":1115653,"comment_status":"","ping_status":"","sticky":false,"template":"","format":"standard","meta":{"footnotes":"","_share_on_mastodon":"0"},"categories":[1832],"tags":[299,3364,29,347,30,4665,71,1650,111497,3773,14828,4666,1655,3495,859,265,3498,5843],"class_list":["post-1115652","post","type-post","status-publish","format-standard","has-post-thumbnail","category-leipzig","tag-bundesliga","tag-de","tag-deutschland","tag-fussball","tag-germany","tag-juergen-klopp","tag-leipzig","tag-mario-gomez","tag-martin-demichelis","tag-nachfolger","tag-ole-werner","tag-oliver-mintzlaff","tag-rb-leipzig","tag-rbl","tag-sachsen","tag-sport","tag-sport-im-osten","tag-trainer"],"share_on_mastodon":{"url":"https:\/\/pubeurope.com\/@de\/116799214626302243","error":""},"_links":{"self":[{"href":"https:\/\/www.europesays.com\/de\/wp-json\/wp\/v2\/posts\/1115652","targetHints":{"allow":["GET"]}}],"collection":[{"href":"https:\/\/www.europesays.com\/de\/wp-json\/wp\/v2\/posts"}],"about":[{"href":"https:\/\/www.europesays.com\/de\/wp-json\/wp\/v2\/types\/post"}],"author":[{"embeddable":true,"href":"https:\/\/www.europesays.com\/de\/wp-json\/wp\/v2\/users\/2"}],"replies":[{"embeddable":true,"href":"https:\/\/www.europesays.com\/de\/wp-json\/wp\/v2\/comments?post=1115652"}],"version-history":[{"count":0,"href":"https:\/\/www.europesays.com\/de\/wp-json\/wp\/v2\/posts\/1115652\/revisions"}],"wp:featuredmedia":[{"embeddable":true,"href":"https:\/\/www.europesays.com\/de\/wp-json\/wp\/v2\/media\/1115653"}],"wp:attachment":[{"href":"https:\/\/www.europesays.com\/de\/wp-json\/wp\/v2\/media?parent=1115652"}],"wp:term":[{"taxonomy":"category","embeddable":true,"href":"https:\/\/www.europesays.com\/de\/wp-json\/wp\/v2\/categories?post=1115652"},{"taxonomy":"post_tag","embeddable":true,"href":"https:\/\/www.europesays.com\/de\/wp-json\/wp\/v2\/tags?post=1115652"}],"curies":[{"name":"wp","href":"https:\/\/api.w.org\/{rel}","templated":true}]}}