{"id":1115657,"date":"2026-06-23T11:37:14","date_gmt":"2026-06-23T11:37:14","guid":{"rendered":"https:\/\/www.europesays.com\/de\/1115657\/"},"modified":"2026-06-23T11:37:14","modified_gmt":"2026-06-23T11:37:14","slug":"die-hitze-totentanz-in-kirche-statt-in-rechtsmedizin","status":"publish","type":"post","link":"https:\/\/www.europesays.com\/de\/1115657\/","title":{"rendered":"Die Hitze \u2013 \u201eTotentanz\u201c in Kirche statt in Rechtsmedizin\u00a0"},"content":{"rendered":"<p class=\"text_ohne_einzug richtext text-em-55 !leading-serif mx-6 desktop:mx-0\">  Einen passenderen Auff\u00fchrungsort f\u00fcr Hugo Distlers \u201eTotentanz\u201c h\u00e4tte man eigentlich kaum finden k\u00f6nnen: Der Clara-Schumann-Kammerchor wollte das Werk unter der Leitung von Jean-Philippe Apel im Institut f\u00fcr Rechtsmedizin der Uniklinik D\u00fcsseldorf auff\u00fchren. Das Konzert am Sonntag, 28. Juni, sollte Teil der von prominenten G\u00e4sten unterst\u00fctzten Chor-Reihe \u201eMusik an ungew\u00f6hnlichen Orten\u201c sein. Doch die Hitze machte den S\u00e4ngern einen Strich durch die Rechnung. Denn Institutsleiterin Stefanie Ritz schrieb jetzt an den Chorleiter, sie habe erhebliche Bedenken, was ein Konzert im H\u00f6rsaal betrifft, da dieser nicht klimatisiert sei und sich extrem aufheize. Immerhin: Die Suche nach einer Alternative w\u00e4hrte nicht lange, dank der Hilfe des katholischen Stadtdechanten Frank Heidkamp wird die Auff\u00fchrung in die Maxkirche, Schulstra\u00dfe 15, in der Altstadt verlegt.<\/p>\n<p class=\"richtext text-em-55 !leading-serif mx-6 desktop:mx-0\">An dem Konzept soll aber nichts ver\u00e4ndert werden: Die Rolle des Todes \u00fcbernimmt der geb\u00fcrtige D\u00fcsseldorfer Schauspieler Ronald Kukulies, bekannt aus zahlreichen Film- und Fernsehproduktionen. Er steht im Dialog mit seinen \u201eTanzpartnern\u201c, deren Partien von Chormitgliedern gesprochen werden. Begleitet wird die Auff\u00fchrung von T\u00e4nzer Felix Gr\u00fctzner, der sich als \u201eLebenst\u00e4nzer\u201c bezeichnet. Zwischen den Szenen spielt die Fl\u00f6tistin Beate H\u00fcbert kurze Variationen \u00fcber das Lied \u201eEs ist ein Schnitter, hei\u00dft der Tod\u201c, die Hugo Distler selbst seinem Werk hinzugef\u00fcgt hat.<\/p>\n<p class=\"text_ohne_einzug richtext text-em-55 !leading-serif mx-6 desktop:mx-0\">Auch der Vortrag von Stefanie Ritz, die Einblicke in die Arbeit ihres Hauses bieten und mit hartn\u00e4ckigen Mythen rund um die Rechtsmedizin aufr\u00e4umen will, soll weiterhin Bestandteil der Inszenierung sein.<\/p>\n<p class=\"richtext text-em-55 !leading-serif mx-6 desktop:mx-0\">Das Konzert findet am Sonntag, 28. Juni, um 17 Uhr statt. Der Eintritt ist frei, im Anschluss bittet der Chor um Spenden. Am Samstag vorher, 27. Juni, gibt es um 17 Uhr eine weitere Auff\u00fchrung \u2013 und zwar in der Kirche St. Franziskus in M\u00f6nchengladbach-Rheydt. In dieser Kirche gibt es einen gro\u00dfen Totentanz-Fries des bekannten K\u00fcnstlers und ehemaligen Rektors der D\u00fcsseldorfer Kunstakademie, Markus L\u00fcpertz.<\/p>\n","protected":false},"excerpt":{"rendered":"Einen passenderen Auff\u00fchrungsort f\u00fcr Hugo Distlers \u201eTotentanz\u201c h\u00e4tte man eigentlich kaum finden k\u00f6nnen: Der Clara-Schumann-Kammerchor wollte das Werk&hellip;\n","protected":false},"author":2,"featured_media":1115658,"comment_status":"","ping_status":"","sticky":false,"template":"","format":"standard","meta":{"footnotes":"","_share_on_mastodon":"0"},"categories":[1831],"tags":[2922,46163,149372,3364,29,3405,30,11607,46780,1310,1209,18575,128548,41656,224645,10421],"class_list":["post-1115657","post","type-post","status-publish","format-standard","has-post-thumbnail","category-duesseldorf","tag-altstadt","tag-auffuehrung","tag-auffuehrungsort","tag-de","tag-deutschland","tag-duesseldorf","tag-germany","tag-hitze","tag-hugo","tag-konzert","tag-nordrhein-westfalen","tag-orten","tag-rechtsmedizin","tag-totentanz","tag-ungewoehnlichen","tag-werk"],"share_on_mastodon":{"url":"https:\/\/pubeurope.com\/@de\/116799225524283180","error":""},"_links":{"self":[{"href":"https:\/\/www.europesays.com\/de\/wp-json\/wp\/v2\/posts\/1115657","targetHints":{"allow":["GET"]}}],"collection":[{"href":"https:\/\/www.europesays.com\/de\/wp-json\/wp\/v2\/posts"}],"about":[{"href":"https:\/\/www.europesays.com\/de\/wp-json\/wp\/v2\/types\/post"}],"author":[{"embeddable":true,"href":"https:\/\/www.europesays.com\/de\/wp-json\/wp\/v2\/users\/2"}],"replies":[{"embeddable":true,"href":"https:\/\/www.europesays.com\/de\/wp-json\/wp\/v2\/comments?post=1115657"}],"version-history":[{"count":0,"href":"https:\/\/www.europesays.com\/de\/wp-json\/wp\/v2\/posts\/1115657\/revisions"}],"wp:featuredmedia":[{"embeddable":true,"href":"https:\/\/www.europesays.com\/de\/wp-json\/wp\/v2\/media\/1115658"}],"wp:attachment":[{"href":"https:\/\/www.europesays.com\/de\/wp-json\/wp\/v2\/media?parent=1115657"}],"wp:term":[{"taxonomy":"category","embeddable":true,"href":"https:\/\/www.europesays.com\/de\/wp-json\/wp\/v2\/categories?post=1115657"},{"taxonomy":"post_tag","embeddable":true,"href":"https:\/\/www.europesays.com\/de\/wp-json\/wp\/v2\/tags?post=1115657"}],"curies":[{"name":"wp","href":"https:\/\/api.w.org\/{rel}","templated":true}]}}