{"id":1115944,"date":"2026-06-23T14:20:22","date_gmt":"2026-06-23T14:20:22","guid":{"rendered":"https:\/\/www.europesays.com\/de\/1115944\/"},"modified":"2026-06-23T14:20:22","modified_gmt":"2026-06-23T14:20:22","slug":"start-von-lok-leipzig-verletzter-spieler-bekommt-versprochenen-vertrag-sport","status":"publish","type":"post","link":"https:\/\/www.europesays.com\/de\/1115944\/","title":{"rendered":"Start von Lok Leipzig: Verletzter Spieler bekommt versprochenen Vertrag | Sport"},"content":{"rendered":"<p><a class=\"skip-content skip-content--link\" href=\"#in-content-skip-link-target-v-0-0\">TTS-Player \u00fcberspringen\u21b5<\/a><a id=\"in-content-skip-link-target-v-0-0\" class=\"skip-content--target-link-hidden skip-content skip-content--target-link\" href=\"#in-content-skip-link-target-v-0-0\">Artikel weiterlesen<\/a><\/p>\n<p data-21134c99=\"0-783\"><b>Ob die Wunden des Nichtaufstiegs bei allen verbliebenen Spielern verheilt sind? Am Mittwoch (14 Uhr) startet <\/b><a href=\"https:\/\/www.bild.de\/sport\/fussball\/lok-leipzig\/home-80643548.bild.html\" class=\"text-link\" rel=\"nofollow noopener\" target=\"_blank\"><b>Lok Leipzig<\/b><\/a><b>, der Regionalliga-Meister der letzten Saison, in die Vorbereitung. Mit einem neuen Trainer (Torsten Ziegner f\u00fcr Jochen Seitz) und einer Mannschaft, die zehn Abg\u00e4nge verkraften muss.<\/b><\/p>\n<p data-21134c99=\"0-783\">Noch wurde kein Neuzugang offiziell verk\u00fcndet. Allerdings gibt es trotzdem ein nahezu neues Gesicht im Team. Denn der Vertrag von Jan-Philipp Stein wurde bis 2027 verl\u00e4ngert. Ein Spieler, den man lange nicht auf dem Platz sah. Der Innenverteidiger hatte sich Anfang Dezember im Training eine schwere Verletzung im rechten Knie (u.\u00a0a. Meniskusriss) zugezogen und konnte fortan nicht mehr zum Einsatz kommen. Doch der Klub stand zu ihm und hielt mit der Vertragsverl\u00e4ngerung sein Versprechen, ihm den R\u00fccken freizuhalten. Toni Wachsmuth, Gesch\u00e4ftsf\u00fchrer Sport: \u201eSteini hat in den Spielen vor seiner Verletzung sehr gute und konstante Leistungen gezeigt. Wir hoffen, dass er im Laufe der Vorbereitung wieder voll einsatzf\u00e4hig und somit ein wichtiger Baustein unserer Mannschaft sein wird.\u201c Zumal mit Lukas Wilton und Filip Kusic aktuell nur zwei weitere Innenverteidiger unter Vertrag stehen.<\/p>\n<p>Lok Leipzig gibt Jan-Philipp Stein neuen Vertrag<\/p>\n<p data-21134c99=\"392-1566\">Stein, den Seitz im letzten Jahr aus Aschaffenburg holte, sagt: \u201eIch freue mich riesig \u00fcber die Vertragsverl\u00e4ngerung und das Vertrauen, das mir der Verein entgegenbringt. Nach meiner Verletzung und der dadurch verpassten R\u00fcckrunde arbeite ich in der Vorbereitung hart daran, wieder bei 100 Prozent zu sein. Ich m\u00f6chte in der neuen Saison voll angreifen und gemeinsam mit dem Team erneut alles auf dem Platz lassen.\u201c Noch wird er sich aber etwas gedulden m\u00fcssen, um das komplette Mannschaftstraining absolvieren zu k\u00f6nnen.<\/p>\n<p data-21134c99=\"1371-1958\">Mindestens sechs Probespieler werden am Mittwoch erwartet. Ein Teil davon wird sicher in den ersten Testspielen in Droy\u00dfig (Freitag) und Zwenkau (Samstag) zum Einsatz kommen. <\/p>\n","protected":false},"excerpt":{"rendered":"TTS-Player \u00fcberspringen\u21b5Artikel weiterlesen Ob die Wunden des Nichtaufstiegs bei allen verbliebenen Spielern verheilt sind? Am Mittwoch (14 Uhr)&hellip;\n","protected":false},"author":2,"featured_media":1115945,"comment_status":"","ping_status":"","sticky":false,"template":"","format":"standard","meta":{"footnotes":"","_share_on_mastodon":"0"},"categories":[1832],"tags":[3364,29,30,71,3457,3459,3458,859,8112,4580,3460],"class_list":["post-1115944","post","type-post","status-publish","format-standard","has-post-thumbnail","category-leipzig","tag-de","tag-deutschland","tag-germany","tag-leipzig","tag-lok-leipzig","tag-regionalliga","tag-regionalliga-nordost","tag-sachsen","tag-sachsenpokal","tag-schmidt-andre","tag-sport-leuchtturm-leipzig"],"share_on_mastodon":{"url":"https:\/\/pubeurope.com\/@de\/116799866909920741","error":""},"_links":{"self":[{"href":"https:\/\/www.europesays.com\/de\/wp-json\/wp\/v2\/posts\/1115944","targetHints":{"allow":["GET"]}}],"collection":[{"href":"https:\/\/www.europesays.com\/de\/wp-json\/wp\/v2\/posts"}],"about":[{"href":"https:\/\/www.europesays.com\/de\/wp-json\/wp\/v2\/types\/post"}],"author":[{"embeddable":true,"href":"https:\/\/www.europesays.com\/de\/wp-json\/wp\/v2\/users\/2"}],"replies":[{"embeddable":true,"href":"https:\/\/www.europesays.com\/de\/wp-json\/wp\/v2\/comments?post=1115944"}],"version-history":[{"count":0,"href":"https:\/\/www.europesays.com\/de\/wp-json\/wp\/v2\/posts\/1115944\/revisions"}],"wp:featuredmedia":[{"embeddable":true,"href":"https:\/\/www.europesays.com\/de\/wp-json\/wp\/v2\/media\/1115945"}],"wp:attachment":[{"href":"https:\/\/www.europesays.com\/de\/wp-json\/wp\/v2\/media?parent=1115944"}],"wp:term":[{"taxonomy":"category","embeddable":true,"href":"https:\/\/www.europesays.com\/de\/wp-json\/wp\/v2\/categories?post=1115944"},{"taxonomy":"post_tag","embeddable":true,"href":"https:\/\/www.europesays.com\/de\/wp-json\/wp\/v2\/tags?post=1115944"}],"curies":[{"name":"wp","href":"https:\/\/api.w.org\/{rel}","templated":true}]}}