{"id":111612,"date":"2025-05-15T04:10:11","date_gmt":"2025-05-15T04:10:11","guid":{"rendered":"https:\/\/www.europesays.com\/de\/111612\/"},"modified":"2025-05-15T04:10:11","modified_gmt":"2025-05-15T04:10:11","slug":"das-hat-sachsen-zu-bieten","status":"publish","type":"post","link":"https:\/\/www.europesays.com\/de\/111612\/","title":{"rendered":"Das hat Sachsen zu bieten"},"content":{"rendered":"<p>Mit den steigenden Temperaturen w\u00e4chst bei vielen Festival-Fans die Vorfreude auf gute Musik, Camping und Feiern. Auf diese gr\u00f6\u00dferen Festivals k\u00f6nne sich die Menschen 2025 in Sachsen freuen:<\/p>\n<p>Wave-Gotik-Treffen der Schwarzen Szene in Leipzig\u00a0<\/p>\n<p>Das Wave-Gotik-Treffen in Leipzig l\u00e4dt Fans der Szene in diesem Jahr zum 32. Mal ein. Vom 6. bis 9. Juni erwarten die Veranstalter rund 18.000 Besucher. Die Events finden an rund 40 Veranstaltungsorten in und um Leipzig statt. Darunter sind der Agra-Messepark, die Peterskirche und das Alte Rathaus. Am V\u00f6lkerschlachtdenkmal wird bekannte Filmmusik zu h\u00f6ren sein, unter anderem aus \u00abHerr der Ringe\u00bb und \u00abHouse of the Dragons\u00bb. Erstmals seit einigen Jahren werden auch wieder Konzerte im Parkschloss Markkleeberg stattfinden. Ein Ticket f\u00fcr alle vier Tage kostet im Vorverkauf 170 Euro. Den Besuchern wird\u00a0Musik aus allen Richtungen der dunklen Szene geboten &#8211; unter anderem Gothic Rock, Electro, Dark Wave, Mittelalter Rock und Industrial.<\/p>\n<p>Rock n&#8217;Roll beim Firebirds Festival in Trebsen<\/p>\n<p>Beim Firebirds Festival im Kloster Nimbschen bei Grimma k\u00f6nnen Besucher in den Lebensstil der 50er- und 60er-Jahre abtauchen. Vom 4. bis 6. Juli werden neben mehr als 30 Rock n&#8217;Roll-Konzerten auch ein Oldtimertreffen, Modeschauen, eine Plattenb\u00f6rse und zahlreiche Workshops geboten. Ein Ticket f\u00fcr alle drei Tage kostet 110 Euro. Auf dem nahegelegenen Gel\u00e4nde kann auch gecampt werden.<\/p>\n<p>Highfield am St\u00f6rmthaler See bei Leipzig\u00a0<\/p>\n<p>Im Vorjahr hatte der Brand des Riesenrades das Highfield Festival am St\u00f6rmthaler See bei Leipzig \u00fcberschattet. Zwei Gondeln brannten komplett aus, 16 Menschen wurden zum Teil schwer verletzt. Die Ermittlungen dauern an. Trotzdem soll in diesem Jahr vom 15. bis 17. August wieder ein Sommerfeeling aufkommen. Im Line-Up stehen nationale und internationale Stars aus der Rock-, Hip-Hop- und Pop-Szene. Unter anderem wurden Deichkind, Electric Callboy, K.I.Z. und Clueso angek\u00fcndigt. Der Festivalpass f\u00fcr das ganze Wochenende kostet etwa 190 Euro. Ob es in diesem Jahr wieder ein Riesenrad oder ein \u00e4hnliches Fahrgesch\u00e4ft geben wird, ist noch unklar.<\/p>\n<p>Reggae-Festival Colors of Beat in Torgau<\/p>\n<p>Am 29. September l\u00e4dt das Colors of Beat Festival Reggaefans ins Sanssouci Torgau. Das Festival bietet neben Reggae- und Ska-Musik in entspannter Atmosph\u00e4re zahlreiche Workshops und Kunstausstellungen. In diesem Jahr sind bereits Acts wie Lion D, Sentilo Sono und Blue Tone Stompers angek\u00fcndigt. Das Ticket gibt es f\u00fcr 40 Euro.<\/p>\n","protected":false},"excerpt":{"rendered":"Mit den steigenden Temperaturen w\u00e4chst bei vielen Festival-Fans die Vorfreude auf gute Musik, Camping und Feiern. Auf diese&hellip;\n","protected":false},"author":2,"featured_media":111613,"comment_status":"","ping_status":"","sticky":false,"template":"","format":"standard","meta":{"footnotes":""},"categories":[1832],"tags":[3364,29,3448,30,71,810,859],"class_list":{"0":"post-111612","1":"post","2":"type-post","3":"status-publish","4":"format-standard","5":"has-post-thumbnail","7":"category-leipzig","8":"tag-de","9":"tag-deutschland","10":"tag-festivals","11":"tag-germany","12":"tag-leipzig","13":"tag-musik","14":"tag-sachsen"},"share_on_mastodon":{"url":"https:\/\/pubeurope.com\/@de\/114509894321193684","error":""},"_links":{"self":[{"href":"https:\/\/www.europesays.com\/de\/wp-json\/wp\/v2\/posts\/111612","targetHints":{"allow":["GET"]}}],"collection":[{"href":"https:\/\/www.europesays.com\/de\/wp-json\/wp\/v2\/posts"}],"about":[{"href":"https:\/\/www.europesays.com\/de\/wp-json\/wp\/v2\/types\/post"}],"author":[{"embeddable":true,"href":"https:\/\/www.europesays.com\/de\/wp-json\/wp\/v2\/users\/2"}],"replies":[{"embeddable":true,"href":"https:\/\/www.europesays.com\/de\/wp-json\/wp\/v2\/comments?post=111612"}],"version-history":[{"count":0,"href":"https:\/\/www.europesays.com\/de\/wp-json\/wp\/v2\/posts\/111612\/revisions"}],"wp:featuredmedia":[{"embeddable":true,"href":"https:\/\/www.europesays.com\/de\/wp-json\/wp\/v2\/media\/111613"}],"wp:attachment":[{"href":"https:\/\/www.europesays.com\/de\/wp-json\/wp\/v2\/media?parent=111612"}],"wp:term":[{"taxonomy":"category","embeddable":true,"href":"https:\/\/www.europesays.com\/de\/wp-json\/wp\/v2\/categories?post=111612"},{"taxonomy":"post_tag","embeddable":true,"href":"https:\/\/www.europesays.com\/de\/wp-json\/wp\/v2\/tags?post=111612"}],"curies":[{"name":"wp","href":"https:\/\/api.w.org\/{rel}","templated":true}]}}