{"id":1116125,"date":"2026-06-23T16:02:18","date_gmt":"2026-06-23T16:02:18","guid":{"rendered":"https:\/\/www.europesays.com\/de\/1116125\/"},"modified":"2026-06-23T16:02:18","modified_gmt":"2026-06-23T16:02:18","slug":"schwerer-verkehrsunfall-fussgaenger-stirbt-nach-unfall-in-berlin-moabit","status":"publish","type":"post","link":"https:\/\/www.europesays.com\/de\/1116125\/","title":{"rendered":"Schwerer Verkehrsunfall: Fu\u00dfg\u00e4nger stirbt nach Unfall in Berlin-Moabit"},"content":{"rendered":"<p>Quelle: dpa Berlin\/Brandenburg<br \/>\n        23. Juni 2026, 17:56 Uhr\n    <\/p>\n<p>        Sie k\u00f6nnen sich Artikel der ZEIT in der Google-Suche nun bevorzugt anzeigen lassen.<\/p>\n<p>        <a class=\"zps-widget__icon\" href=\"https:\/\/www.google.com\/preferences\/source?q=zeit.de\" data-ct-label=\"Google Preferred Source Onboarding Widget Icon\" id=\"zps-link-icon-activate\" aria-label=\"ZEIT als bevorzugte Quelle bei Google aktivieren\" target=\"_blank\" rel=\"nofollow noopener\"><\/p>\n<p>        <\/a><\/p>\n<p>        Hinweis<\/p>\n<p class=\"article-notice__text\">DIE ZEIT hat diese Meldung redaktionell nicht bearbeitet. Sie wurde automatisch von der Deutschen Presse-Agentur (dpa) \u00fcbernommen.<\/p>\n<p>            <img decoding=\"async\" class=\"article__media-item\" src=\"https:\/\/www.europesays.com\/de\/wp-content\/uploads\/2026\/06\/1782230538_399_wide__660x371.jpeg\" alt=\"Schwerer Verkehrsunfall: Die Polizei sperrt die A12 am Montagmittag. (Symbolbild)\"\/><\/p>\n<p>                    Die Polizei sperrt die A12 am Montagmittag. (Symbolbild)<br \/>\n            \u00a9\u00a0Soeren Stache\/\u200bdpa<\/p>\n<p class=\"paragraph article__item\">Eine Woche nach einem Verkehrsunfall in Berlin-Moabit ist ein 35 Jahre alter Fu\u00dfg\u00e4nger gestorben. Der Mann war nach Angaben der Polizei am vergangenen Dienstagabend trotz roter Ampel auf die Kreuzung An der Putlitzbr\u00fccke\/Stromstra\u00dfe gelaufen. Dabei soll er nicht auf den Verkehr geachtet haben.\u00a0\n<\/p>\n<p>Aktuelles<\/p>\n<p>                <a href=\"https:\/\/www.zeit.de\/hamburg\/2026-05\/cold-case-mord-transperson-hamburg-hammerbrook\" data-ct-label=\"Prozess in Hamburg: Cold Case: Wer hat Angelique get\u00f6tet?\" data-uuid=\"c74ea3f4-8b49-4c82-99c5-1cde49b5bf50\" rel=\"nofollow noopener\" target=\"_blank\"><\/p>\n<p>        Z+ (abopflichtiger Inhalt);<\/p>\n<p>    Prozess in Hamburg:<br \/>\n                        Cold Case: Wer hat Angelique get\u00f6tet?<\/p>\n<p>                <\/a><\/p>\n<p>                <a href=\"https:\/\/www.zeit.de\/2026\/25\/eibe-allgaeu-aeltester-baum-deutschland-steibis\" data-ct-label=\"Eibe im Allg\u00e4u: So sieht Deutschlands Jahrtausend-Baum aus\" data-uuid=\"5634512b-43a5-43ae-8368-df2820a43340\" rel=\"nofollow noopener\" target=\"_blank\"><\/p>\n<p>        Z+ (abopflichtiger Inhalt);<\/p>\n<p>    Eibe im Allg\u00e4u:<br \/>\n                        So sieht Deutschlands Jahrtausend-Baum aus<\/p>\n<p>                <\/a><\/p>\n<p>                <a href=\"https:\/\/www.zeit.de\/hamburg\/2026-06\/elbvertiefung-11-06-2026\" data-ct-label=\"Elbvertiefung: Der t\u00e4gliche Newsletter aus Hamburg: Die neue K\u00f6hlbrandbr\u00fccke \u2026 sieht aus wie die alte K\u00f6hlbrandbr\u00fccke\" data-uuid=\"07eacd0b-afc9-4d68-a116-1a0027860cb4\" rel=\"nofollow noopener\" target=\"_blank\"><\/p>\n<p>                        Elbvertiefung: Der t\u00e4gliche Newsletter aus Hamburg:<br \/>\n                        Die neue K\u00f6hlbrandbr\u00fccke \u2026 sieht aus wie die alte K\u00f6hlbrandbr\u00fccke<\/p>\n<p>                <\/a><\/p>\n<p class=\"paragraph article__item\">Er wurde von einem Auto erfasst, dessen 39 Jahre alter Fahrer noch versucht haben soll, auszuweichen. Nach dem Unfall war der lebensgef\u00e4hrlich Verletzte notoperiert worden. Nun starb er in einem Krankenhaus.\n<\/p>\n<p class=\"paragraph article__item\">\u00a9 dpa-infocom, dpa:260623-930-270658\/1<\/p>\n","protected":false},"excerpt":{"rendered":"Quelle: dpa Berlin\/Brandenburg 23. Juni 2026, 17:56 Uhr Sie k\u00f6nnen sich Artikel der ZEIT in der Google-Suche nun&hellip;\n","protected":false},"author":2,"featured_media":1116126,"comment_status":"","ping_status":"","sticky":false,"template":"","format":"standard","meta":{"footnotes":"","_share_on_mastodon":"0"},"categories":[1825],"tags":[54506,296,2292,29,30,15,1284,3260],"class_list":["post-1116125","post","type-post","status-publish","format-standard","has-post-thumbnail","category-berlin","tag-schwerer-verkehrsunfall","tag-berlin","tag-berlin-moabit","tag-deutschland","tag-germany","tag-news","tag-unfall","tag-verkehrsunfall"],"share_on_mastodon":{"url":"https:\/\/pubeurope.com\/@de\/116800267793108940","error":""},"_links":{"self":[{"href":"https:\/\/www.europesays.com\/de\/wp-json\/wp\/v2\/posts\/1116125","targetHints":{"allow":["GET"]}}],"collection":[{"href":"https:\/\/www.europesays.com\/de\/wp-json\/wp\/v2\/posts"}],"about":[{"href":"https:\/\/www.europesays.com\/de\/wp-json\/wp\/v2\/types\/post"}],"author":[{"embeddable":true,"href":"https:\/\/www.europesays.com\/de\/wp-json\/wp\/v2\/users\/2"}],"replies":[{"embeddable":true,"href":"https:\/\/www.europesays.com\/de\/wp-json\/wp\/v2\/comments?post=1116125"}],"version-history":[{"count":0,"href":"https:\/\/www.europesays.com\/de\/wp-json\/wp\/v2\/posts\/1116125\/revisions"}],"wp:featuredmedia":[{"embeddable":true,"href":"https:\/\/www.europesays.com\/de\/wp-json\/wp\/v2\/media\/1116126"}],"wp:attachment":[{"href":"https:\/\/www.europesays.com\/de\/wp-json\/wp\/v2\/media?parent=1116125"}],"wp:term":[{"taxonomy":"category","embeddable":true,"href":"https:\/\/www.europesays.com\/de\/wp-json\/wp\/v2\/categories?post=1116125"},{"taxonomy":"post_tag","embeddable":true,"href":"https:\/\/www.europesays.com\/de\/wp-json\/wp\/v2\/tags?post=1116125"}],"curies":[{"name":"wp","href":"https:\/\/api.w.org\/{rel}","templated":true}]}}