{"id":111620,"date":"2025-05-15T04:14:15","date_gmt":"2025-05-15T04:14:15","guid":{"rendered":"https:\/\/www.europesays.com\/de\/111620\/"},"modified":"2025-05-15T04:14:15","modified_gmt":"2025-05-15T04:14:15","slug":"schleuserbande-am-werk-zoll-razzia-in-stuttgarter-asia-imbissen","status":"publish","type":"post","link":"https:\/\/www.europesays.com\/de\/111620\/","title":{"rendered":"Schleuserbande am Werk?: Zoll-Razzia in Stuttgarter Asia-Imbissen"},"content":{"rendered":"<p>\t\t\t\t\t\t\t\t\t\t\t\t\t\t\t\t\t\t\t\t\t\t\t\t\t\t\t\t      \t\t            \t\t             \t\t\t\t   \t\t\t\t\t   <img decoding=\"async\" id=\"article-image\" fetchpriority=\"high\" alt=\"Schleuserbande am Werk?: Zoll-Razzia in Stuttgarter Asia-Imbissen\" title=\"Schleuserbande am Werk?: Zoll-Razzia in Stuttgarter Asia-Imbissen\" src=\"https:\/\/www.europesays.com\/de\/wp-content\/uploads\/2025\/05\/media.media.9c1d48be-2540-42b9-9e9a-4009eea20124.16x9_700.jpg\" data-linkto=\"https:\/\/www.stuttgarter-nachrichten.de\/javascript:void(0);\"\/>\t\t\t\t\t\t\t\t\t\t\t\t\t\t\t\t\t\t\t\t\t\t\t\tAm Dienstag durchsuchten Zollbeamte Gastronomiebetriebe in Baden-W\u00fcrttemberg. Elf Beschuldigte sollen Arbeitskr\u00e4fte illegal nach Deutschland geholt und besch\u00e4ftigt haben.\u00a0Foto: Hauptzollamt Stuttgart\t\t\t<\/p>\n<p>Das Hauptzollamt Stuttgart ermittelt gegen elf Tatverd\u00e4chtige. Ein Mann aus Stuttgart soll im Netzwerk Dutzende Menschen als billige Arbeitskr\u00e4fte ins Land geschleust haben.<\/p>\n<p>Ein Gro\u00dfaufgebot von <a href=\"https:\/\/www.stuttgarter-nachrichten.de\/thema\/Zoll\" target=\"_blank\" rel=\"noopener\">Zoll<\/a>beamten, Beamten der Bundes- sowie der Landespolizei hat am Dienstag 30 asiatische Imbisse und Restaurants durchsucht, der Gro\u00dfteil davon in <a href=\"https:\/\/www.stuttgarter-nachrichten.de\/thema\/Stuttgart\" title=\"Stuttgart\" class=\"art_thema\" target=\"_blank\" rel=\"noopener\">Stuttgart<\/a>. Hintergrund war eine Ermittlung der Finanzkontrolle <a href=\"https:\/\/www.stuttgarter-nachrichten.de\/thema\/Schwarzarbeit\" target=\"_blank\" rel=\"noopener\">Schwarzarbei<\/a>t des Hauptzollamts Stuttgart gegen eine Gruppe von elf Tatverd\u00e4chtigen. Gegen diese Gruppe habe der <a href=\"https:\/\/www.stuttgarter-nachrichten.de\/thema\/Zoll\" title=\"Zoll\" class=\"art_thema\" target=\"_blank\" rel=\"noopener\">Zoll<\/a> bereits seit einem halben Jahr ermittelt, teilte Thomas Seemann, Sprecher des Hauptzollamts Stuttgart, mit. \u201eDas Gros der Durchsuchungen hat sich auf Restaurants und Imbisse in Stuttgart konzentriert \u2013 der weitaus kleinere Teil wurde in Hohenlohe durchsucht\u201c, so Seemann.<\/p>\n<p>Eine Gruppe von elf M\u00e4nnern steht im Verdacht, Menschen \u00fcberwiegend aus Georgien und China nach Baden-W\u00fcrttemberg geschleust und dann illegal in jenen Gastronomien besch\u00e4ftigt zu haben, die nunmehr durchsucht wurden. Der Zoll spricht von mehreren Dutzend eingeschleusten Personen, f\u00fcr die teilweise gef\u00e4lschte Ausweise beschafft worden sein sollen. <\/p>\n<p>Laut Ermittler ging auch der Drahtzieher ins Netz <\/p>\n<p>Gegen den Hauptbeschuldigten aus Stuttgart, der als Drahtzieher der Gruppierung gilt, hat bereits vor der Razzia ein Haftbefehl vorgelegen. Er soll daran beteiligt gewesen sein, die eingeschleusten Arbeitskr\u00e4fte zu vermitteln. Nach Auskunft des Zoll-Sprechers wurden nach den Durchsuchungen au\u00dferdem sieben weitere ausl\u00e4ndische Personen, die gef\u00e4lschte Ausweise vorgezeigt hatten, einem Haftrichter vorgef\u00fchrt. Ihnen droht neben Abschiebungshaft auch eine Anzeige wegen Urkundenf\u00e4lschung. \u201eWir ermitteln vor allem aber gegen die Personen, die sie illegal besch\u00e4ftigt haben\u201c, sagte Seemann. Die elf Beschuldigten sollen diesen eingeschleusten Menschen unter Mindestlohn besch\u00e4ftigt und sich selbst dadurch bereichert haben. Weiterhin sollen Sozialabgaben und Lohnsteuer hinterzogen worden sein, weil die Arbeitnehmer nicht angemeldet besch\u00e4ftigt waren.<\/p>\n<p>  <img decoding=\"async\" loading=\"lazy\" src=\"https:\/\/www.europesays.com\/de\/wp-content\/uploads\/2025\/05\/media.media.93e506f1-65f3-4971-85d7-3dbd990a6e5e.original1024.media.jpeg\"\/>     Der Zoll stellte unter anderem 158 000 Euro Bargeld sicher.    Foto: Hauptzollamt Stuttgart    <\/p>\n<p>Bei den <a href=\"https:\/\/www.stuttgarter-nachrichten.de\/inhalt.heilbronn-mehrere-verhaftungen-nach-zoll-razzia-wegen-schwarzarbeit.66c0e9f6-7f8c-41d1-aa7d-b785aeeb752c.html\" target=\"_blank\" rel=\"noopener\">Durchsuchungen<\/a> sind 158 000 Euro Bargeld als Beweismittel sichergestellt worden. Diese k\u00f6nnten den Beschuldigten zugeordnet werden, hei\u00dft es. Weiterhin seien in einem Schlie\u00dffach Goldbarren gefunden worden. Wert und Zusammenhang zu den Schleusungen werde derzeit gepr\u00fcft, teilte der Sprecher weiter mit.<\/p>\n<p>Ob die Gruppierung Teil eines gr\u00f6\u00dferen Netzwerks ist, dar\u00fcber sind die Ermittlungen noch nicht abgeschlossen. An dem Einsatz am Dienstag waren wohl 270 Zollbeamte sowie Kr\u00e4fte der Bundes- und Landespolizei beteiligt. Zudem habe es Unterst\u00fctzung der zust\u00e4ndigen Ausl\u00e4nder\u00e4mter gegeben.<\/p>\n","protected":false},"excerpt":{"rendered":"Am Dienstag durchsuchten Zollbeamte Gastronomiebetriebe in Baden-W\u00fcrttemberg. Elf Beschuldigte sollen Arbeitskr\u00e4fte illegal nach Deutschland geholt und besch\u00e4ftigt haben.\u00a0Foto:&hellip;\n","protected":false},"author":2,"featured_media":111621,"comment_status":"","ping_status":"","sticky":false,"template":"","format":"standard","meta":{"footnotes":""},"categories":[1830],"tags":[1634,43497,421,3364,29,30,43495,121,43498,43496,1441,615],"class_list":{"0":"post-111620","1":"post","2":"type-post","3":"status-publish","4":"format-standard","5":"has-post-thumbnail","7":"category-stuttgart","8":"tag-baden-wuerttemberg","9":"tag-billige-arbeitskraefte","10":"tag-bundespolizei","11":"tag-de","12":"tag-deutschland","13":"tag-germany","14":"tag-landespolizei","15":"tag-polizei","16":"tag-razzi","17":"tag-schleuser","18":"tag-stuttgart","19":"tag-zoll"},"share_on_mastodon":{"url":"https:\/\/pubeurope.com\/@de\/114509910161008041","error":""},"_links":{"self":[{"href":"https:\/\/www.europesays.com\/de\/wp-json\/wp\/v2\/posts\/111620","targetHints":{"allow":["GET"]}}],"collection":[{"href":"https:\/\/www.europesays.com\/de\/wp-json\/wp\/v2\/posts"}],"about":[{"href":"https:\/\/www.europesays.com\/de\/wp-json\/wp\/v2\/types\/post"}],"author":[{"embeddable":true,"href":"https:\/\/www.europesays.com\/de\/wp-json\/wp\/v2\/users\/2"}],"replies":[{"embeddable":true,"href":"https:\/\/www.europesays.com\/de\/wp-json\/wp\/v2\/comments?post=111620"}],"version-history":[{"count":0,"href":"https:\/\/www.europesays.com\/de\/wp-json\/wp\/v2\/posts\/111620\/revisions"}],"wp:featuredmedia":[{"embeddable":true,"href":"https:\/\/www.europesays.com\/de\/wp-json\/wp\/v2\/media\/111621"}],"wp:attachment":[{"href":"https:\/\/www.europesays.com\/de\/wp-json\/wp\/v2\/media?parent=111620"}],"wp:term":[{"taxonomy":"category","embeddable":true,"href":"https:\/\/www.europesays.com\/de\/wp-json\/wp\/v2\/categories?post=111620"},{"taxonomy":"post_tag","embeddable":true,"href":"https:\/\/www.europesays.com\/de\/wp-json\/wp\/v2\/tags?post=111620"}],"curies":[{"name":"wp","href":"https:\/\/api.w.org\/{rel}","templated":true}]}}