{"id":1116220,"date":"2026-06-23T17:01:22","date_gmt":"2026-06-23T17:01:22","guid":{"rendered":"https:\/\/www.europesays.com\/de\/1116220\/"},"modified":"2026-06-23T17:01:22","modified_gmt":"2026-06-23T17:01:22","slug":"strafprozess-in-nuernberg-fuerth-griff-in-asservatenkammer-polizeibedienstete-raeumt-tat-ein","status":"publish","type":"post","link":"https:\/\/www.europesays.com\/de\/1116220\/","title":{"rendered":"Strafprozess in N\u00fcrnberg-F\u00fcrth: Griff in Asservatenkammer: Polizeibedienstete r\u00e4umt Tat ein"},"content":{"rendered":"<p>\t\t\t\t\t\t\t\t\t\t\t\t\t\t\t\t\t\t\t\t\t\t\t\t\t\t\t\t      \t\t            \t\t             \t\t\t\t   \t\t\t\t\t   <img decoding=\"async\" id=\"article-image\" fetchpriority=\"high\" alt=\"Strafprozess in N\u00fcrnberg-F\u00fcrth: Griff in Asservatenkammer: Polizeibedienstete r\u00e4umt Tat ein\" title=\"Strafprozess in N\u00fcrnberg-F\u00fcrth: Griff in Asservatenkammer: Polizeibedienstete r\u00e4umt Tat ein\" src=\"https:\/\/www.europesays.com\/de\/wp-content\/uploads\/2026\/06\/media.media.dc9f78f9-512d-405a-8ee5-67b6ebec7110.16x9_700.jpg\" data-linkto=\"https:\/\/www.stuttgarter-nachrichten.de\/javascript:void(0);\"\/>\t\t\t\t\t\t\t\t\t\t\t\t\t\t\t\t\t\t\t\t\t\t\t\tEine ehemalige Polizeiangestellte hat am Landgericht N\u00fcrnberg-F\u00fcrth einger\u00e4umt, sich regelm\u00e4\u00dfig aus der Asservatenkammer des Polizeipr\u00e4sidiums Mittelfranken bedient zu haben (Symbolfoto).\u00a0Foto: Daniel Karmann\/dpa\t\t\t<\/p>\n<p>Insgesamt soll die Frau sechsmal zugegriffen und fast 200.000 Euro an sich gebracht haben.<\/p>\n<p> Eine ehemalige Polizeiangestellte hat am Landgericht <a href=\"https:\/\/www.stuttgarter-nachrichten.de\/thema\/N%C3%BCrnberg\" title=\"N\u00fcrnberg\" class=\"art_thema\" rel=\"nofollow noopener\" target=\"_blank\">N\u00fcrnberg<\/a>-F\u00fcrth einger\u00e4umt, sich regelm\u00e4\u00dfig aus der Asservatenkammer des Polizeipr\u00e4sidiums Mittelfranken bedient zu haben. Insgesamt hatte die Frau laut Anklage der <a href=\"https:\/\/www.stuttgarter-nachrichten.de\/thema\/Staatsanwaltschaft\" title=\"Staatsanwaltschaft\" class=\"art_thema\" rel=\"nofollow noopener\" target=\"_blank\">Staatsanwaltschaft<\/a> fast 200.000 Euro an sich genommen. Die aufbewahrten Banknoten stammten aus aufgeflogenen Bet\u00e4ubungsmittelgesch\u00e4ften, Menschenhandel und <a href=\"https:\/\/www.stuttgarter-nachrichten.de\/thema\/Geldw%C3%A4sche\" title=\"Geldw\u00e4sche\" class=\"art_thema\" rel=\"nofollow noopener\" target=\"_blank\">Geldw\u00e4sche<\/a>.<\/p>\n<p>Sie selbst habe laut einer von ihrem Verteidiger verlesenen Erkl\u00e4rung gar nicht mehr genau gewusst, wie viel Geld sie eigentlich aus dem Safe genommen hatte. Die Diebst\u00e4hle waren aufgeflogen, als die Asservaten an die Staatsanwaltschaft weitergegeben werden sollten und nicht mehr auffindbar waren.\u00a0<\/p>\n<p>  Seit September in U-Haft <\/p>\n<p>Die Frau sitzt seit September in Untersuchungshaft und muss sich wegen Diebstahls und Geldw\u00e4sche verantworten. Ihr damaliger Lebensgef\u00e4hrte ist ebenfalls angeklagt. Er soll einen Gro\u00dfteil des Geldes f\u00fcr sie aufbewahrt haben und sitzt wegen Geldw\u00e4sche auf der Anklagebank.\u00a0<\/p>\n<p>Die Angestellte hatte sich der Staatsanwaltschaft N\u00fcrnberg-F\u00fcrth zufolge einen Schl\u00fcssel f\u00fcr den Safe besorgt. Als ihre Kollegen Feierabend hatten, soll sie zugegriffen haben.<\/p>\n<p> Sechsmal zugegriffen <\/p>\n<p>Die Frau habe insgesamt sechsmal in der Asservatenkammer Geld gestohlen, listet die Anklage auf. Das Bargeld gab sie der Anklage zufolge an ihren Ex-Freund weiter, um zu verhindern, dass es bei ihr gefunden werden konnte. Die Polizeiangestellte hatte jedoch jederzeit Zugriff. Inzwischen ist das Geld zu gro\u00dfen Teilen wieder zur\u00fcckbezahlt.\u00a0<\/p>\n<p>Der Prozess soll am Donnerstag fortgesetzt werden. Dann wird auch ein Urteil erwartet.<\/p>\n","protected":false},"excerpt":{"rendered":"Eine ehemalige Polizeiangestellte hat am Landgericht N\u00fcrnberg-F\u00fcrth einger\u00e4umt, sich regelm\u00e4\u00dfig aus der Asservatenkammer des Polizeipr\u00e4sidiums Mittelfranken bedient zu&hellip;\n","protected":false},"author":2,"featured_media":1116221,"comment_status":"","ping_status":"","sticky":false,"template":"","format":"standard","meta":{"footnotes":"","_share_on_mastodon":"0"},"categories":[1837],"tags":[235914,772,3364,29,1562,30,3783,235913,1974,1997,27709],"class_list":["post-1116220","post","type-post","status-publish","format-standard","has-post-thumbnail","category-nuernberg","tag-asservatenkammer","tag-bayern","tag-de","tag-deutschland","tag-geldwaesche","tag-germany","tag-nuernberg","tag-nuernberg-fuerth","tag-panorama","tag-staatsanwaltschaft","tag-strafprozess"],"share_on_mastodon":{"url":"https:\/\/pubeurope.com\/@de\/116800500091670985","error":""},"_links":{"self":[{"href":"https:\/\/www.europesays.com\/de\/wp-json\/wp\/v2\/posts\/1116220","targetHints":{"allow":["GET"]}}],"collection":[{"href":"https:\/\/www.europesays.com\/de\/wp-json\/wp\/v2\/posts"}],"about":[{"href":"https:\/\/www.europesays.com\/de\/wp-json\/wp\/v2\/types\/post"}],"author":[{"embeddable":true,"href":"https:\/\/www.europesays.com\/de\/wp-json\/wp\/v2\/users\/2"}],"replies":[{"embeddable":true,"href":"https:\/\/www.europesays.com\/de\/wp-json\/wp\/v2\/comments?post=1116220"}],"version-history":[{"count":0,"href":"https:\/\/www.europesays.com\/de\/wp-json\/wp\/v2\/posts\/1116220\/revisions"}],"wp:featuredmedia":[{"embeddable":true,"href":"https:\/\/www.europesays.com\/de\/wp-json\/wp\/v2\/media\/1116221"}],"wp:attachment":[{"href":"https:\/\/www.europesays.com\/de\/wp-json\/wp\/v2\/media?parent=1116220"}],"wp:term":[{"taxonomy":"category","embeddable":true,"href":"https:\/\/www.europesays.com\/de\/wp-json\/wp\/v2\/categories?post=1116220"},{"taxonomy":"post_tag","embeddable":true,"href":"https:\/\/www.europesays.com\/de\/wp-json\/wp\/v2\/tags?post=1116220"}],"curies":[{"name":"wp","href":"https:\/\/api.w.org\/{rel}","templated":true}]}}