{"id":111626,"date":"2025-05-15T04:18:09","date_gmt":"2025-05-15T04:18:09","guid":{"rendered":"https:\/\/www.europesays.com\/de\/111626\/"},"modified":"2025-05-15T04:18:09","modified_gmt":"2025-05-15T04:18:09","slug":"neues-viertel-am-deutzer-hafen-infopoint-eroeffnet","status":"publish","type":"post","link":"https:\/\/www.europesays.com\/de\/111626\/","title":{"rendered":"Neues Viertel am Deutzer Hafen: Infopoint er\u00f6ffnet"},"content":{"rendered":"<p class=\"small date article__date\">Ver\u00f6ffentlicht:\u00a0Donnerstag, 15.05.2025 04:30<\/p>\n<p>Der Deutzer Hafen in K\u00f6ln steht vor einer aufregenden Transformation. Ein neues Wohn- und Arbeitsviertel soll hier entstehen, das tausende Menschen anziehen wird.\u00a0<\/p>\n<p><img decoding=\"async\" alt=\"\" src=\"https:\/\/www.europesays.com\/de\/wp-content\/uploads\/2025\/05\/deutzer-hafen-visualiserung_hafenplatz.jpg&#038;crop=0x41x1600x1000&#038;resize=1280x800&#038;dt=202505141633100.jpeg\" data-size=\"1280x800\"\/>\u00a9 COBENeues Wohn- und Gesch\u00e4ftsviertel entsteht<\/p>\n<p>Der Deutzer Hafen in K\u00f6ln wird in den kommenden Jahren zu einem modernen Wohn- und Arbeitsviertel f\u00fcr tausende Menschen umgestaltet. Am Donnerstag (15. Mai) er\u00f6ffnet ein Infopoint in der M\u00fchlenverwaltung, der Interessierten umfassende Informationen \u00fcber das Projekt bietet.<\/p>\n<p>Im neuen Quartier am Deutzer Hafen sollen zuk\u00fcnftig fast 7.000 Menschen wohnen und \u00e4hnlich viele ihren Arbeitsplatz finden. Geplant sind Kitas, eine Grundschule, Restaurants, Parks und eine Promenade entlang des Hafenbeckens, die das Viertel beleben und attraktiv machen.<\/p>\n<p>Die Stadt K\u00f6ln berichtet von sichtbaren Fortschritten in der Entwicklung des Gebiets: Der R\u00fcckbau ist gr\u00f6\u00dftenteils abgeschlossen, und die Infrastruktur nimmt Form an. In K\u00fcrze werden die ersten Gr\u00fcnfl\u00e4chen angelegt, die das neue Viertel weiter versch\u00f6nern und zur Erholung einladen.<\/p>\n<p>Weitere Themen von Rhein und Erft<\/p>\n","protected":false},"excerpt":{"rendered":"Ver\u00f6ffentlicht:\u00a0Donnerstag, 15.05.2025 04:30 Der Deutzer Hafen in K\u00f6ln steht vor einer aufregenden Transformation. Ein neues Wohn- und Arbeitsviertel&hellip;\n","protected":false},"author":2,"featured_media":111627,"comment_status":"","ping_status":"","sticky":false,"template":"","format":"standard","meta":{"footnotes":""},"categories":[1828],"tags":[2499,43556,43557,29,30,1420,1209],"class_list":{"0":"post-111626","1":"post","2":"type-post","3":"status-publish","4":"format-standard","5":"has-post-thumbnail","7":"category-koeln","8":"tag-kln","9":"tag-deutzer-hafen","10":"tag-infopoint","11":"tag-deutschland","12":"tag-germany","13":"tag-koeln","14":"tag-nordrhein-westfalen"},"share_on_mastodon":{"url":"https:\/\/pubeurope.com\/@de\/114509926018214395","error":""},"_links":{"self":[{"href":"https:\/\/www.europesays.com\/de\/wp-json\/wp\/v2\/posts\/111626","targetHints":{"allow":["GET"]}}],"collection":[{"href":"https:\/\/www.europesays.com\/de\/wp-json\/wp\/v2\/posts"}],"about":[{"href":"https:\/\/www.europesays.com\/de\/wp-json\/wp\/v2\/types\/post"}],"author":[{"embeddable":true,"href":"https:\/\/www.europesays.com\/de\/wp-json\/wp\/v2\/users\/2"}],"replies":[{"embeddable":true,"href":"https:\/\/www.europesays.com\/de\/wp-json\/wp\/v2\/comments?post=111626"}],"version-history":[{"count":0,"href":"https:\/\/www.europesays.com\/de\/wp-json\/wp\/v2\/posts\/111626\/revisions"}],"wp:featuredmedia":[{"embeddable":true,"href":"https:\/\/www.europesays.com\/de\/wp-json\/wp\/v2\/media\/111627"}],"wp:attachment":[{"href":"https:\/\/www.europesays.com\/de\/wp-json\/wp\/v2\/media?parent=111626"}],"wp:term":[{"taxonomy":"category","embeddable":true,"href":"https:\/\/www.europesays.com\/de\/wp-json\/wp\/v2\/categories?post=111626"},{"taxonomy":"post_tag","embeddable":true,"href":"https:\/\/www.europesays.com\/de\/wp-json\/wp\/v2\/tags?post=111626"}],"curies":[{"name":"wp","href":"https:\/\/api.w.org\/{rel}","templated":true}]}}