{"id":1116298,"date":"2026-06-23T18:19:59","date_gmt":"2026-06-23T18:19:59","guid":{"rendered":"https:\/\/www.europesays.com\/de\/1116298\/"},"modified":"2026-06-23T18:19:59","modified_gmt":"2026-06-23T18:19:59","slug":"erstmals-gespraeche-der-taliban-mit-eu-kommission","status":"publish","type":"post","link":"https:\/\/www.europesays.com\/de\/1116298\/","title":{"rendered":"Erstmals Gespr\u00e4che der Taliban mit EU-Kommission"},"content":{"rendered":"<p>            <img loading=\"lazy\" decoding=\"async\" class=\"ts-image\" src=\"https:\/\/www.europesays.com\/de\/wp-content\/uploads\/2026\/06\/amnesty-aktivist-bruessel-100.jpg\" alt=\"Ein Aktivist von Amnesty International h\u00e4lt ein Banner vor dem Hauptquartier der EU-Kommission, um gegen ein Treffen mit einer Taliban-Delegation in Br\u00fcssel zu protestieren.\" title=\"Ein Aktivist von Amnesty International h\u00e4lt ein Banner vor dem Hauptquartier der EU-Kommission, um gegen ein Treffen mit einer Taliban-Delegation in Br\u00fcssel zu protestieren. | AFP\"\/><\/p>\n<p class=\"metatextline\">Stand: 23.06.2026 \u2022 17:40 Uhr<\/p>\n<p class=\"article-head__shorttext\">\n        <strong>In Br\u00fcssel hat eine Taliban-Delegation erstmals Gespr\u00e4che mit der EU-Kommission gef\u00fchrt. Es ging um Abschiebungen und mehr Diplomaten der Islamisten in Europa. Menschenrechtsgruppen kritisieren das Treffen scharf.<\/strong>\n    <\/p>\n<p class=\"textabsatz m-ten m-offset-one l-eight l-offset-two columns twelve\">Vertreter der islamistischen Taliban sind erstmals seit ihrer Macht\u00fcbernahme in Afghanistan von der EU-Kommission zu Gespr\u00e4chen in Br\u00fcssel empfangen worden. Delegationsleiter Abdel Kahar Balchi sprach gegen\u00fcber dem NDR von einem &#8222;historischem Besuch&#8220;.<\/p>\n<p class=\"textabsatz m-ten m-offset-one l-eight l-offset-two columns twelve\">Thema sei die &#8222;w\u00fcrdevolle R\u00fcckkehr von Afghanen in ihr Heimatland&#8220; gewesen &#8211; so bezeichnen die Taliban Abschiebungen. Die Taliban setzten sich nachdr\u00fccklich f\u00fcr einen solchen &#8222;w\u00fcrdevollen R\u00fcckkehrprozess&#8220; ein, so der Delegationsleiter.<\/p>\n<p>    Umstrittene Kontakte mit Taliban<\/p>\n<p class=\"textabsatz m-ten m-offset-one l-eight l-offset-two columns twelve\">Es sei auch darum gegangen, umfassende konsularische Dienstleistungen f\u00fcr Afghanen im EU-Raum wiederaufzunehmen. Damit bezog er sich darauf, dass die Taliban eigene Diplomaten in die afghanischen Botschaften schicken wollen, <a href=\"https:\/\/www.tagesschau.de\/investigativ\/ndr\/taliban-deutschland-afghanistan-100.html\" title=\"Enge Zusammenarbeit mit Taliban-Diplomaten bei Abschiebungen\" rel=\"nofollow noopener\" target=\"_blank\">so wie das bereits in Deutschland der Fall ist<\/a>. Ohne solche neuen Diplomaten aus Kabul sei keine konsularische Betreuung m\u00f6glich. Das w\u00fcrde auch bedeuten, dass keine Abschiebungen m\u00f6glich sind, f\u00fcgte Delegationsleiter Balchi hinzu.<\/p>\n<p class=\"textabsatz m-ten m-offset-one l-eight l-offset-two columns twelve\">Ziel der Gespr\u00e4che &#8222;auf technischer Ebene&#8220; in Br\u00fcssel war es, mehr Abschiebungen aus der EU von afghanischen Staatsangeh\u00f6rigen zu erm\u00f6glichen, die Straftaten begangen haben und ein Sicherheitsrisiko darstellen. Umstritten sind solche Kontakte wegen der andauernden Menschenrechtsverletzungen der Taliban, die seit 2021 wieder an der Macht sind.<\/p>\n<p>    EU spricht von Gespr\u00e4chen auf &#8222;technischer Ebene&#8220;<\/p>\n<p class=\"textabsatz m-ten m-offset-one l-eight l-offset-two columns twelve\">Die EU-Kommission w\u00e4hlt den Begriff &#8222;technische Ebene&#8220;, da die EU die Taliban nicht als legitime Regierung Afghanistans anerkennt und sich den Angaben zufolge nicht die politischen Spitzen, sondern Beamte auf Fachebene austauschen. Offiziell erkennt auch Deutschland die in Kabul regierenden Islamisten nicht an, f\u00fchrt jedoch ebenfalls auf technischer Ebene Gespr\u00e4che mit Vertretern der Islamisten, um weitere <a href=\"https:\/\/www.tagesschau.de\/inland\/innenpolitik\/afghanistan-abschiebungen-dobrindt-100.html\" title=\"Deutlich mehr Abschiebefl\u00fcge nach Afghanistan mit Taliban vereinbart\" rel=\"nofollow noopener\" target=\"_blank\">Abschiebungen von Straft\u00e4tern nach Afghanistan<\/a> zu erleichtern.<\/p>\n<p class=\"textabsatz m-ten m-offset-one l-eight l-offset-two columns twelve\">Daf\u00fcr sollen bis zu vier weitere Diplomaten der Taliban nach Deutschland kommen, wie die Bundesregierung gestern best\u00e4tigte. Bundesinnenminister Alexander Dobrindt (CSU) hatte am Wochenende erkl\u00e4rt, regelm\u00e4\u00dfiger nach Afghanistan abschieben zu wollen. &#8222;K\u00fcnftig sind drei Charterfl\u00fcge pro Monat m\u00f6glich&#8220;, sagte eine Sprecherin des Ministeriums der Nachrichtenagentur dpa.<\/p>\n<p>    Proteste gegen das Treffen<\/p>\n<p class=\"textabsatz m-ten m-offset-one l-eight l-offset-two columns twelve\">Die Taliban hatten im Sommer 2021 nach einer Blitzoffensive die Macht in Afghanistan wieder an sich gerissen. Seither beschneiden sie systematisch den Zugang von Frauen und M\u00e4dchen zu h\u00f6herer Bildung und dem Arbeitsmarkt. Erst vor knapp zwei Wochen hatten Sicherheitskr\u00e4fte der Taliban in der westafghanischen Stadt Herat Proteste brutal niedergeschlagen.<\/p>\n<p class=\"textabsatz m-ten m-offset-one l-eight l-offset-two columns twelve\">Menschenrechtsgruppen protestierten gegen das Treffen in Br\u00fcssel. Es sei unfassbar, dass die EU versuche, Menschen nach Afghanistan abzuschieben, wo die Lage immer gef\u00e4hrlicher werde, sagte die zust\u00e4ndige Sprecherin von Amnesty International, Eve Geddie.<\/p>\n<p class=\"textabsatz m-ten m-offset-one l-eight l-offset-two columns twelve\">Mit Informationen von Peter Hornung, NDR<\/p>\n","protected":false},"excerpt":{"rendered":"Stand: 23.06.2026 \u2022 17:40 Uhr In Br\u00fcssel hat eine Taliban-Delegation erstmals Gespr\u00e4che mit der EU-Kommission gef\u00fchrt. Es ging&hellip;\n","protected":false},"author":2,"featured_media":1116299,"comment_status":"","ping_status":"","sticky":false,"template":"","format":"standard","meta":{"footnotes":"","_share_on_mastodon":"0"},"categories":[3],"tags":[17204,7451,548,11173,13,14,15,12,15451,10,8,9,11,103,104],"class_list":["post-1116298","post","type-post","status-publish","format-standard","has-post-thumbnail","category-welt","tag-abschiebungen","tag-afghanistan","tag-eu","tag-gespraeche","tag-headlines","tag-nachrichten","tag-news","tag-schlagzeilen","tag-taliban","tag-top-news","tag-top-meldungen","tag-topmeldungen","tag-topnews","tag-welt","tag-world"],"share_on_mastodon":{"url":"https:\/\/pubeurope.com\/@de\/116800811672294073","error":""},"_links":{"self":[{"href":"https:\/\/www.europesays.com\/de\/wp-json\/wp\/v2\/posts\/1116298","targetHints":{"allow":["GET"]}}],"collection":[{"href":"https:\/\/www.europesays.com\/de\/wp-json\/wp\/v2\/posts"}],"about":[{"href":"https:\/\/www.europesays.com\/de\/wp-json\/wp\/v2\/types\/post"}],"author":[{"embeddable":true,"href":"https:\/\/www.europesays.com\/de\/wp-json\/wp\/v2\/users\/2"}],"replies":[{"embeddable":true,"href":"https:\/\/www.europesays.com\/de\/wp-json\/wp\/v2\/comments?post=1116298"}],"version-history":[{"count":0,"href":"https:\/\/www.europesays.com\/de\/wp-json\/wp\/v2\/posts\/1116298\/revisions"}],"wp:featuredmedia":[{"embeddable":true,"href":"https:\/\/www.europesays.com\/de\/wp-json\/wp\/v2\/media\/1116299"}],"wp:attachment":[{"href":"https:\/\/www.europesays.com\/de\/wp-json\/wp\/v2\/media?parent=1116298"}],"wp:term":[{"taxonomy":"category","embeddable":true,"href":"https:\/\/www.europesays.com\/de\/wp-json\/wp\/v2\/categories?post=1116298"},{"taxonomy":"post_tag","embeddable":true,"href":"https:\/\/www.europesays.com\/de\/wp-json\/wp\/v2\/tags?post=1116298"}],"curies":[{"name":"wp","href":"https:\/\/api.w.org\/{rel}","templated":true}]}}