{"id":1116441,"date":"2026-06-23T19:39:15","date_gmt":"2026-06-23T19:39:15","guid":{"rendered":"https:\/\/www.europesays.com\/de\/1116441\/"},"modified":"2026-06-23T19:39:15","modified_gmt":"2026-06-23T19:39:15","slug":"jack-white-witwe-neu-verliebt-warum-mit-diesem-mann-jetzt-alles-anders-ist-unterhaltung","status":"publish","type":"post","link":"https:\/\/www.europesays.com\/de\/1116441\/","title":{"rendered":"Jack White: Witwe neu verliebt! Warum mit diesem Mann jetzt alles anders ist | Unterhaltung"},"content":{"rendered":"<p>15 Jahre lebte Rafaella Nu\u00dfbaum an der Seite von Musikproduzent Jack White \u2013 nach seinem Suizid brachen nicht nur alte Wunden auf, sie entdeckte auch seine 14-j\u00e4hrige Aff\u00e4re und wurde \u00f6ffentlich f\u00fcr seinen Tod verantwortlich gemacht.<\/p>\n<p>\n<b>In S\u00fcdfrankreich erz\u00e4hlt sie nun, wie sie aus dieser Krise heraus eine neue Liebe fand, warum sich mit Unternehmer Jan Kluwe pl\u00f6tzlich alles anders anf\u00fchlt und welche Rolle ihre Kinder bei dieser Entscheidung spielten. Lesen Sie mit BILDplus, wie Rafaella sich von ihrer Vergangenheit l\u00f6st und sich ein neues Familiengl\u00fcck aufbaut \u2013 Schritt f\u00fcr Schritt.<\/b><\/p>\n","protected":false},"excerpt":{"rendered":"15 Jahre lebte Rafaella Nu\u00dfbaum an der Seite von Musikproduzent Jack White \u2013 nach seinem Suizid brachen nicht&hellip;\n","protected":false},"author":2,"featured_media":1116442,"comment_status":"","ping_status":"","sticky":false,"template":"","format":"standard","meta":{"footnotes":"","_share_on_mastodon":"0"},"categories":[155],"tags":[296,29,214,30,1898,1718,215,4191,32823],"class_list":["post-1116441","post","type-post","status-publish","format-standard","has-post-thumbnail","category-unterhaltung","tag-berlin","tag-deutschland","tag-entertainment","tag-germany","tag-musikproduzent","tag-scheidung","tag-unterhaltung","tag-vater","tag-white-jack"],"share_on_mastodon":{"url":"https:\/\/pubeurope.com\/@de\/116801121175720183","error":""},"_links":{"self":[{"href":"https:\/\/www.europesays.com\/de\/wp-json\/wp\/v2\/posts\/1116441","targetHints":{"allow":["GET"]}}],"collection":[{"href":"https:\/\/www.europesays.com\/de\/wp-json\/wp\/v2\/posts"}],"about":[{"href":"https:\/\/www.europesays.com\/de\/wp-json\/wp\/v2\/types\/post"}],"author":[{"embeddable":true,"href":"https:\/\/www.europesays.com\/de\/wp-json\/wp\/v2\/users\/2"}],"replies":[{"embeddable":true,"href":"https:\/\/www.europesays.com\/de\/wp-json\/wp\/v2\/comments?post=1116441"}],"version-history":[{"count":0,"href":"https:\/\/www.europesays.com\/de\/wp-json\/wp\/v2\/posts\/1116441\/revisions"}],"wp:featuredmedia":[{"embeddable":true,"href":"https:\/\/www.europesays.com\/de\/wp-json\/wp\/v2\/media\/1116442"}],"wp:attachment":[{"href":"https:\/\/www.europesays.com\/de\/wp-json\/wp\/v2\/media?parent=1116441"}],"wp:term":[{"taxonomy":"category","embeddable":true,"href":"https:\/\/www.europesays.com\/de\/wp-json\/wp\/v2\/categories?post=1116441"},{"taxonomy":"post_tag","embeddable":true,"href":"https:\/\/www.europesays.com\/de\/wp-json\/wp\/v2\/tags?post=1116441"}],"curies":[{"name":"wp","href":"https:\/\/api.w.org\/{rel}","templated":true}]}}