{"id":1116509,"date":"2026-06-23T20:14:19","date_gmt":"2026-06-23T20:14:19","guid":{"rendered":"https:\/\/www.europesays.com\/de\/1116509\/"},"modified":"2026-06-23T20:14:19","modified_gmt":"2026-06-23T20:14:19","slug":"wm-2026-so-denkt-deutschland-wirklich-ueber-die-weltmeisterschaft-sport","status":"publish","type":"post","link":"https:\/\/www.europesays.com\/de\/1116509\/","title":{"rendered":"WM 2026: So denkt Deutschland wirklich \u00fcber die Weltmeisterschaft | Sport"},"content":{"rendered":"<p><a class=\"skip-content skip-content--link\" href=\"#in-content-skip-link-target-v-0-0\">TTS-Player \u00fcberspringen\u21b5<\/a><a id=\"in-content-skip-link-target-v-0-0\" class=\"skip-content--target-link-hidden skip-content skip-content--target-link\" href=\"#in-content-skip-link-target-v-0-0\">Artikel weiterlesen<\/a><\/p>\n<p data-21134c99=\"0-1110\"><b>Die <\/b><a href=\"https:\/\/www.bild.de\/sport\/fussball\/fifa-wm-2026-QNToDBgFYEJ5vy2KN6mE\" class=\"text-link\" rel=\"nofollow noopener\" target=\"_blank\"><b>WM<\/b><\/a><b> l\u00e4uft seit fast zwei Wochen. Was denken die Deutschen \u00fcber das gr\u00f6\u00dfte Turnier der Geschichte? BILD gab bei Insa eine repr\u00e4sentative Umfrage in Auftrag (1001 Befragte). \u00dcberraschende Ergebnisse:<\/b><\/p>\n<p data-21134c99=\"0-1110\">\u25ba Trotz der im Vorfeld des Turniers ge\u00fcbten Kritik an der Gr\u00f6\u00dfe der Weltmeisterschaft bef\u00fcrwortet ein Gro\u00dfteil der Befragten die WM mit 48 Teilnehmern. 52 Prozent sprechen sich daf\u00fcr aus.<\/p>\n<p data-21134c99=\"0-1110\">\u25ba Auch die neuen Trinkpausen (je eine pro Halbzeit) sch\u00e4tzen die Fans. Obwohl die Unterbrechungen in den Stadien vor Ort regelm\u00e4\u00dfig von Pfeifkonzerten begleitet werden, befinden 54 Prozent der Befragten die Pausen f\u00fcr gut. <\/p>\n<p data-21134c99=\"0-1110\">\u25ba Der TV-Liebling der deutschen Fans ist Bastian Schweinsteiger (41\/ARD). Der Weltmeister von 2014 wurde von 17 Prozent der Teilnehmer zum beliebtesten Experten gew\u00e4hlt. Dahinter landet das MagentaTV-Duo Thomas M\u00fcller (36\/14 Prozent) und J\u00fcrgen Klopp (59\/13 Prozent).<\/p>\n<p>Fotos: Getty Images via AFP, Witters, ZDF, picture alliance\/Pressefoto Rudel<\/p>\n<p data-21134c99=\"0-1110\">\u25ba Sollte Deutschland ausscheiden, verteilen sich die Sympathien der deutschen Fans auf mehrere Teams. England, Frankreich, Spanien und Holland erhalten f\u00fcnf Prozent. Aber: 21 Prozent sagen: Deutschland oder nichts.<\/p>\n","protected":false},"excerpt":{"rendered":"TTS-Player \u00fcberspringen\u21b5Artikel weiterlesen Die WM l\u00e4uft seit fast zwei Wochen. Was denken die Deutschen \u00fcber das gr\u00f6\u00dfte Turnier&hellip;\n","protected":false},"author":2,"featured_media":1116510,"comment_status":"","ping_status":"","sticky":false,"template":"","format":"standard","meta":{"footnotes":"","_share_on_mastodon":"0"},"categories":[2],"tags":[331,3924,332,3922,1263,3364,1260,29,481,38029,30,13,10539,14,3923,15,3921,12,1576],"class_list":["post-1116509","post","type-post","status-publish","format-standard","has-post-thumbnail","category-deutschland","tag-aktuelle-nachrichten","tag-aktuelle-nachrichten-aus-deutschland","tag-aktuelle-news","tag-aktuelle-news-aus-deutschland","tag-aufmacher-bereich","tag-de","tag-deutsche-nationalmannschaft","tag-deutschland","tag-dfb","tag-fussball-wm-2026","tag-germany","tag-headlines","tag-loew-joachim","tag-nachrichten","tag-nachrichten-aus-deutschland","tag-news","tag-news-aus-deutschland","tag-schlagzeilen","tag-super-a-teaser"],"share_on_mastodon":{"url":"https:\/\/pubeurope.com\/@de\/116801258638219512","error":""},"_links":{"self":[{"href":"https:\/\/www.europesays.com\/de\/wp-json\/wp\/v2\/posts\/1116509","targetHints":{"allow":["GET"]}}],"collection":[{"href":"https:\/\/www.europesays.com\/de\/wp-json\/wp\/v2\/posts"}],"about":[{"href":"https:\/\/www.europesays.com\/de\/wp-json\/wp\/v2\/types\/post"}],"author":[{"embeddable":true,"href":"https:\/\/www.europesays.com\/de\/wp-json\/wp\/v2\/users\/2"}],"replies":[{"embeddable":true,"href":"https:\/\/www.europesays.com\/de\/wp-json\/wp\/v2\/comments?post=1116509"}],"version-history":[{"count":0,"href":"https:\/\/www.europesays.com\/de\/wp-json\/wp\/v2\/posts\/1116509\/revisions"}],"wp:featuredmedia":[{"embeddable":true,"href":"https:\/\/www.europesays.com\/de\/wp-json\/wp\/v2\/media\/1116510"}],"wp:attachment":[{"href":"https:\/\/www.europesays.com\/de\/wp-json\/wp\/v2\/media?parent=1116509"}],"wp:term":[{"taxonomy":"category","embeddable":true,"href":"https:\/\/www.europesays.com\/de\/wp-json\/wp\/v2\/categories?post=1116509"},{"taxonomy":"post_tag","embeddable":true,"href":"https:\/\/www.europesays.com\/de\/wp-json\/wp\/v2\/tags?post=1116509"}],"curies":[{"name":"wp","href":"https:\/\/api.w.org\/{rel}","templated":true}]}}