{"id":1116613,"date":"2026-06-23T21:11:17","date_gmt":"2026-06-23T21:11:17","guid":{"rendered":"https:\/\/www.europesays.com\/de\/1116613\/"},"modified":"2026-06-23T21:11:17","modified_gmt":"2026-06-23T21:11:17","slug":"truetzschler-moenchengladbach-sorge-bei-mitarbeitern-jetzt-ist-der-job-weg","status":"publish","type":"post","link":"https:\/\/www.europesays.com\/de\/1116613\/","title":{"rendered":"Tr\u00fctzschler M\u00f6nchengladbach: Sorge bei Mitarbeitern \u201eJetzt ist der Job weg\u201c"},"content":{"rendered":"<p class=\"text_ohne_einzug richtext text-em-55 !leading-serif mx-6 desktop:mx-0\">Wenn die getragene Kleidung in der Acht-Stunden-Schicht Aufschluss dar\u00fcber gibt, wie eng die Mitarbeitenden mit \u201eihrem\u201c Unternehmen sind, dann steht es hervorragend um Tr\u00fctzschler. 14 Uhr, Schichtwechsel an Tor 3 und fast jeder der Frauen und M\u00e4nner, die das Werksgel\u00e4nde des weltweit agierenden Textilmaschinenherstellers verlassen, tr\u00e4gt es: ein schwarzes T-Shirt mit dem blauen Namenszug des Arbeitgebers auf der Brust.<\/p>\n","protected":false},"excerpt":{"rendered":"Wenn die getragene Kleidung in der Acht-Stunden-Schicht Aufschluss dar\u00fcber gibt, wie eng die Mitarbeitenden mit \u201eihrem\u201c Unternehmen sind,&hellip;\n","protected":false},"author":2,"featured_media":7193,"comment_status":"","ping_status":"","sticky":false,"template":"","format":"standard","meta":{"footnotes":"","_share_on_mastodon":"0"},"categories":[1849],"tags":[3364,29,548,663,3934,30,13,1942,1080,4455,14,15,1209,108198,12,184878],"class_list":["post-1116613","post","type-post","status-publish","format-standard","has-post-thumbnail","category-moenchengladbach","tag-de","tag-deutschland","tag-eu","tag-europa","tag-europe","tag-germany","tag-headlines","tag-job","tag-krebs","tag-moenchengladbach","tag-nachrichten","tag-news","tag-nordrhein-westfalen","tag-produktions","tag-schlagzeilen","tag-truetzschler"],"share_on_mastodon":{"url":"https:\/\/pubeurope.com\/@de\/116801482745877198","error":""},"_links":{"self":[{"href":"https:\/\/www.europesays.com\/de\/wp-json\/wp\/v2\/posts\/1116613","targetHints":{"allow":["GET"]}}],"collection":[{"href":"https:\/\/www.europesays.com\/de\/wp-json\/wp\/v2\/posts"}],"about":[{"href":"https:\/\/www.europesays.com\/de\/wp-json\/wp\/v2\/types\/post"}],"author":[{"embeddable":true,"href":"https:\/\/www.europesays.com\/de\/wp-json\/wp\/v2\/users\/2"}],"replies":[{"embeddable":true,"href":"https:\/\/www.europesays.com\/de\/wp-json\/wp\/v2\/comments?post=1116613"}],"version-history":[{"count":0,"href":"https:\/\/www.europesays.com\/de\/wp-json\/wp\/v2\/posts\/1116613\/revisions"}],"wp:featuredmedia":[{"embeddable":true,"href":"https:\/\/www.europesays.com\/de\/wp-json\/wp\/v2\/media\/7193"}],"wp:attachment":[{"href":"https:\/\/www.europesays.com\/de\/wp-json\/wp\/v2\/media?parent=1116613"}],"wp:term":[{"taxonomy":"category","embeddable":true,"href":"https:\/\/www.europesays.com\/de\/wp-json\/wp\/v2\/categories?post=1116613"},{"taxonomy":"post_tag","embeddable":true,"href":"https:\/\/www.europesays.com\/de\/wp-json\/wp\/v2\/tags?post=1116613"}],"curies":[{"name":"wp","href":"https:\/\/api.w.org\/{rel}","templated":true}]}}