{"id":1116622,"date":"2026-06-23T21:17:25","date_gmt":"2026-06-23T21:17:25","guid":{"rendered":"https:\/\/www.europesays.com\/de\/1116622\/"},"modified":"2026-06-23T21:17:25","modified_gmt":"2026-06-23T21:17:25","slug":"tanklastwagen-auf-a8-umgestuerzt-alle-spuren-in-fahrtrichtung-stuttgart-voll-gesperrt-pforzheim","status":"publish","type":"post","link":"https:\/\/www.europesays.com\/de\/1116622\/","title":{"rendered":"Tanklastwagen\u00a0auf A8 umgest\u00fcrzt: Alle Spuren in Fahrtrichtung Stuttgart voll\u00a0gesperrt &#8211; Pforzheim"},"content":{"rendered":"<p>Karlsbad. Auf der A8 zwischen Karlsruhe und Pforzheim kommt es momentan zu massiven Verkehrsbehinderungen. Grund daf\u00fcr ist ein Tanklastwagen, der gegen 19 Uhr auf H\u00f6he\u00a0der Auffahrt Karlsruhe aus bislang unbekannter Ursache umgekippt ist. Der Laster hatte L\u00f6sungsmittel geladen, das durch den Unfall leicht ausgetreten sei, wie die Polizei auf Nachfrage mitteilt. Der Fahrer des Lastwagens werde untersucht. Wieso er die Kontrolle \u00fcber das Fahrzeug verloren hatte und ob etwa eine \u00fcberh\u00f6hte Geschwindigkeit Ausl\u00f6ser war, konnte bis Redaktionsschluss noch nicht gesagt werden. Alle drei Fahrspuren in Richtung Stuttgart sind weiterhin voll gesperrt. Einsatzkr\u00e4fte der Feuerwehr und des Rettungsdienst sind vor Ort. Ebenso sei eine Unterst\u00fctzungsfirma auf dem Weg zur Unfallstelle. Wie lang die Sperrung andauert, k\u00f6nne bislang noch nicht gesagt werden.<\/p>\n","protected":false},"excerpt":{"rendered":"Karlsbad. Auf der A8 zwischen Karlsruhe und Pforzheim kommt es momentan zu massiven Verkehrsbehinderungen. Grund daf\u00fcr ist ein&hellip;\n","protected":false},"author":2,"featured_media":1116623,"comment_status":"","ping_status":"","sticky":false,"template":"","format":"standard","meta":{"footnotes":"","_share_on_mastodon":"0"},"categories":[1844],"tags":[18192,1634,3364,29,30,8903,1962,2224,1284],"class_list":["post-1116622","post","type-post","status-publish","format-standard","has-post-thumbnail","category-karlsruhe","tag-a8","tag-baden-wuerttemberg","tag-de","tag-deutschland","tag-germany","tag-karlsruhe","tag-lkw","tag-sperrung","tag-unfall"],"share_on_mastodon":{"url":"","error":""},"_links":{"self":[{"href":"https:\/\/www.europesays.com\/de\/wp-json\/wp\/v2\/posts\/1116622","targetHints":{"allow":["GET"]}}],"collection":[{"href":"https:\/\/www.europesays.com\/de\/wp-json\/wp\/v2\/posts"}],"about":[{"href":"https:\/\/www.europesays.com\/de\/wp-json\/wp\/v2\/types\/post"}],"author":[{"embeddable":true,"href":"https:\/\/www.europesays.com\/de\/wp-json\/wp\/v2\/users\/2"}],"replies":[{"embeddable":true,"href":"https:\/\/www.europesays.com\/de\/wp-json\/wp\/v2\/comments?post=1116622"}],"version-history":[{"count":0,"href":"https:\/\/www.europesays.com\/de\/wp-json\/wp\/v2\/posts\/1116622\/revisions"}],"wp:featuredmedia":[{"embeddable":true,"href":"https:\/\/www.europesays.com\/de\/wp-json\/wp\/v2\/media\/1116623"}],"wp:attachment":[{"href":"https:\/\/www.europesays.com\/de\/wp-json\/wp\/v2\/media?parent=1116622"}],"wp:term":[{"taxonomy":"category","embeddable":true,"href":"https:\/\/www.europesays.com\/de\/wp-json\/wp\/v2\/categories?post=1116622"},{"taxonomy":"post_tag","embeddable":true,"href":"https:\/\/www.europesays.com\/de\/wp-json\/wp\/v2\/tags?post=1116622"}],"curies":[{"name":"wp","href":"https:\/\/api.w.org\/{rel}","templated":true}]}}