{"id":111666,"date":"2025-05-15T04:41:08","date_gmt":"2025-05-15T04:41:08","guid":{"rendered":"https:\/\/www.europesays.com\/de\/111666\/"},"modified":"2025-05-15T04:41:08","modified_gmt":"2025-05-15T04:41:08","slug":"vorlaeufiger-bericht-luxusjacht-bayesian-sank-wegen-extremen-winds","status":"publish","type":"post","link":"https:\/\/www.europesays.com\/de\/111666\/","title":{"rendered":"Vorl\u00e4ufiger Bericht: Luxusjacht &#8222;Bayesian&#8220; sank wegen extremen Winds"},"content":{"rendered":"<p class=\"metatextline\">Stand: 15.05.2025 05:17 Uhr<\/p>\n<p class=\"textabsatz columns twelve  m-ten  m-offset-one l-eight l-offset-two\">\n        <strong>Bei dem Untergang der &#8222;Bayesian&#8220; vor Sizilien kamen im vergangenen Jahr sieben Menschen ums Leben. Nun gibt ein vorl\u00e4ufiger Bericht Hinweise auf die Ungl\u00fccksursache der Luxusjacht, die eigentlich als &#8222;unsinkbar&#8220; galt.<\/strong>\n    <\/p>\n<p class=\"textabsatz m-ten m-offset-one l-eight l-offset-two columns twelve\">\nDie im vergangenen Jahr vor der K\u00fcste Siziliens untergegangene Luxusjacht &#8222;Bayesian&#8220; ist nach Ansicht britischer Experten infolge extremen Winds gekentert. Das geht aus einem vorl\u00e4ufigen Bericht der britischen Untersuchungsbeh\u00f6rde f\u00fcr Schiffsungl\u00fccke hervor, wie die britische Nachrichtenagentur PA meldete.<\/p>\n<p>    Bauliche Schw\u00e4che war der Crew offenbar nicht bewusst<\/p>\n<p class=\"textabsatz m-ten m-offset-one l-eight l-offset-two columns twelve\">\nDem Bericht zufolge w\u00e4re eine Windgeschwindigkeit von etwa 117 Kilometern pro Stunde ausreichend gewesen, um das Schiff auch ohne gesetzte Segel zum Umkippen zu bringen. Diese bauliche Schw\u00e4che sei aber weder dem Besitzer noch der Mannschaft bewusst gewesen, weil sie der Stabilit\u00e4tsdokumentation nicht zu entnehmen gewesen sei.<\/p>\n<p class=\"textabsatz m-ten m-offset-one l-eight l-offset-two columns twelve\">\nZum Zeitpunkt des Ungl\u00fccks habe der Wind Geschwindigkeiten von knapp 130 Kilometern pro Stunde erreicht und die Jacht damit in weniger als 15 Sekunden umgeworfen, hie\u00df es weiter.<\/p>\n<p class=\"textabsatz m-ten m-offset-one l-eight l-offset-two columns twelve\">\nDie Untersuchung zum Ungl\u00fcckshergang wird vom britischen Marine Accident Investigation Branch (MAIB) geleitet, weil die Jacht in Gro\u00dfbritannien registriert war.<\/p>\n<p>    Sieben Tote &#8211; darunter Software-Milliard\u00e4r Lynch<\/p>\n<p class=\"textabsatz m-ten m-offset-one l-eight l-offset-two columns twelve\">\nDer Untergang der als &#8222;unsinkbar&#8220; bezeichneten 56-Meter-Jacht hatte im vergangenen Sommer rund um die Welt Schlagzeilen gemacht. Sieben Menschen kamen damals ums Leben. Bei den Toten handelt es sich um den britischen Software-Milliard\u00e4r und Besitzer der Jacht, Mike Lynch, dessen 18-j\u00e4hrige Tochter, zwei befreundete Paare und den Schiffskoch. Bis auf den Koch konnte sich die gesamte Besatzung retten. Insgesamt \u00fcberlebten 15 Crewmitglieder und G\u00e4ste.<\/p>\n<p class=\"textabsatz m-ten m-offset-one l-eight l-offset-two columns twelve\">\nDie &#8222;Bayesian&#8220; liegt seither in etwa 50 Meter Tiefe auf dem Meeresboden, ungef\u00e4hr einen Kilometer von der K\u00fcste entfernt. Die geplante Bergung wurde k\u00fcrzlich unterbrochen, nachdem ein 39 Jahre alter Taucher bei den Arbeiten ums Leben gekommen war.\u00a0Zuletzt hatte es gehei\u00dfen, sie solle bis Mitte Juni abgeschlossen sein.<\/p>\n<p>    Ermittlungen gegen Crew-Mitglieder<\/p>\n<p class=\"textabsatz m-ten m-offset-one l-eight l-offset-two columns twelve\">\nErmittelt wird bislang <a href=\"https:\/\/www.tagesschau.de\/ausland\/europa\/sizilien-untergang-jacht-100.html\" title=\"Ermittler nehmen offenbar Kapit\u00e4n nach Untergang von Luxusjacht ins Visier\" target=\"_blank\" rel=\"noopener\">gegen den Kapit\u00e4n<\/a> und zwei weitere Besatzungsmitglieder. Ihnen wird zur Last gelegt, Sturmwarnungen ignoriert und sich selbst in Sicherheit gebracht zu haben, ohne sich um andere zu k\u00fcmmern.<\/p>\n<p class=\"textabsatz m-ten m-offset-one l-eight l-offset-two columns twelve\">\nMit ihrem 75 Meter hohen Mast und einem Gewicht von 473 Tonnen geh\u00f6rte die &#8222;Bayesian&#8220; zu den gr\u00f6\u00dften Segeljachten weltweit. Aufnahmen von Unterwasserkameras zeigen, dass das Schiff auf dem Meeresboden noch recht intakt auf der rechten Seite liegt.<\/p>\n","protected":false},"excerpt":{"rendered":"Stand: 15.05.2025 05:17 Uhr Bei dem Untergang der &#8222;Bayesian&#8220; vor Sizilien kamen im vergangenen Jahr sieben Menschen ums&hellip;\n","protected":false},"author":2,"featured_media":65411,"comment_status":"","ping_status":"","sticky":false,"template":"","format":"standard","meta":{"footnotes":""},"categories":[3],"tags":[29197,13,14,15,22275,12,10,8,9,11,103,104],"class_list":{"0":"post-111666","1":"post","2":"type-post","3":"status-publish","4":"format-standard","5":"has-post-thumbnail","7":"category-welt","8":"tag-bayesian","9":"tag-headlines","10":"tag-nachrichten","11":"tag-news","12":"tag-schiffsunglueck","13":"tag-schlagzeilen","14":"tag-top-news","15":"tag-top-meldungen","16":"tag-topmeldungen","17":"tag-topnews","18":"tag-welt","19":"tag-world"},"share_on_mastodon":{"url":"https:\/\/pubeurope.com\/@de\/114510016238177115","error":""},"_links":{"self":[{"href":"https:\/\/www.europesays.com\/de\/wp-json\/wp\/v2\/posts\/111666","targetHints":{"allow":["GET"]}}],"collection":[{"href":"https:\/\/www.europesays.com\/de\/wp-json\/wp\/v2\/posts"}],"about":[{"href":"https:\/\/www.europesays.com\/de\/wp-json\/wp\/v2\/types\/post"}],"author":[{"embeddable":true,"href":"https:\/\/www.europesays.com\/de\/wp-json\/wp\/v2\/users\/2"}],"replies":[{"embeddable":true,"href":"https:\/\/www.europesays.com\/de\/wp-json\/wp\/v2\/comments?post=111666"}],"version-history":[{"count":0,"href":"https:\/\/www.europesays.com\/de\/wp-json\/wp\/v2\/posts\/111666\/revisions"}],"wp:featuredmedia":[{"embeddable":true,"href":"https:\/\/www.europesays.com\/de\/wp-json\/wp\/v2\/media\/65411"}],"wp:attachment":[{"href":"https:\/\/www.europesays.com\/de\/wp-json\/wp\/v2\/media?parent=111666"}],"wp:term":[{"taxonomy":"category","embeddable":true,"href":"https:\/\/www.europesays.com\/de\/wp-json\/wp\/v2\/categories?post=111666"},{"taxonomy":"post_tag","embeddable":true,"href":"https:\/\/www.europesays.com\/de\/wp-json\/wp\/v2\/tags?post=111666"}],"curies":[{"name":"wp","href":"https:\/\/api.w.org\/{rel}","templated":true}]}}